{"id":10518,"date":"2024-04-28T10:47:21","date_gmt":"2024-04-28T08:47:21","guid":{"rendered":"https:\/\/www.pakamera.pl\/magazyn\/?p=10518"},"modified":"2024-12-17T16:07:54","modified_gmt":"2024-12-17T15:07:54","slug":"plakaty-w-salonie-inspiracje-od-pakamery","status":"publish","type":"post","link":"https:\/\/www.pakamera.pl\/magazyn\/plakaty-w-salonie-inspiracje-od-pakamery\/","title":{"rendered":"Plakaty w salonie \u2013 inspiracje od Pakamery"},"content":{"rendered":"<p><strong>Szukasz sposobu na od\u015bwie\u017cenie mieszkania? Zastosuj plakaty w salonie \u2013 inspiracje od Pakamery a\u017c si\u0119 prosz\u0105, aby je wykorzysta\u0107! Dekoracje zamieni\u0105 nudne \u015bciany w mini galeri\u0119 sztuki. \u0141atwo stworzysz wn\u0119trze, kt\u00f3re naprawd\u0119 Ci si\u0119 spodoba.<\/strong><\/p>\n<p><!--more--><\/p>\n<figure id=\"attachment_10524\" aria-describedby=\"caption-attachment-10524\" style=\"width: 1600px\" class=\"wp-caption alignnone\"><img loading=\"lazy\" decoding=\"async\" class=\"wp-image-10524 size-full\" src=\"https:\/\/imgmag.pakamera.net\/2024\/04\/plakaty-w-salonie-inspiracje-od-pakamery-160129358046.jpg\" alt=\"Plakaty w salonie \u2013 inspiracje od Pakamery\" width=\"1600\" height=\"840\" \/><figcaption id=\"caption-attachment-10524\" class=\"wp-caption-text\">Zestaw plakat\u00f3w &#8211; Kandinsky \/ HOG STUDIO \/ www.pakamera.pl<\/figcaption><\/figure>\n<p>A co najlepsze, w ka\u017cdym momencie b\u0119dziesz m\u00f3g\u0142 zamieni\u0107 plakat na inny, je\u015bli zapragniesz zmian. Ca\u0142kowicie odmienisz w\u00f3wczas wygl\u0105d salonu bez konieczno\u015bci robienia remontu. Zobacz, <a href=\"https:\/\/www.pakamera.pl\/magazyn\/jak-stworzyc-domowa-galerie-sztuki\/\" target=\"_blank\" rel=\"noopener\">jak stworzy\u0107 galeri\u0119 sztuki w domu<\/a>.<\/p>\n<h2>Najlepsze plakaty w salonie wed\u0142ug Pakamery<\/h2>\n<p><a href=\"https:\/\/www.pakamera.pl\/plakaty-0-1827.htm\" target=\"_blank\" rel=\"noopener\">Plakaty<\/a> to \u015bwietny spos\u00f3b, aby wprowadzi\u0107 do salonu kolorystyczne akcenty. Je\u015bli <strong>Twoje wn\u0119trze utrzymane jest w neutralnych barwach, wybierz plakaty w intensywnych barwach<\/strong>.<\/p>\n<p>Pragniesz stworzy\u0107 co\u015b wyj\u0105tkowego w salonie? <strong>Wybierz seri\u0119 plakat\u00f3w na jeden temat<\/strong>. Mog\u0105 to by\u0107<strong> vintage poczt\u00f3wki z pi\u0119knych miejsc<\/strong> lub <strong>lekkie nawi\u0105zania do klasycznych filmowych plakat\u00f3w<\/strong>. Szczeg\u00f3lnie lubisz jeden motyw przewodni, np. ro\u015blinny lub zwierz\u0119cy? Wykorzystaj go!<\/p>\n<p>Plakaty z motywami przyrody \u015bwietnie ozdobi\u0105 <a href=\"https:\/\/www.pakamera.pl\/magazyn\/salon-w-stylu-skandynawskim-zobacz-jak-urzadzic-go-na-wlasna-reke\/\" target=\"_blank\" rel=\"noopener\">salon w stylu skandynawskim<\/a>. Wykorzystaj pi\u0119kne widoczki g\u00f3r, jezior, las\u00f3w czy morza lub grafiki przedstawiaj\u0105ce p\u00f3\u0142nocn\u0105 faun\u0119 lub flor\u0119.<\/p>\n<p><strong>Monochromatyczne plakaty i szkice to spos\u00f3b na eleganck\u0105 dekoracj\u0119<\/strong> bez przesadzania z kolorami. <strong>Czarno-bia\u0142e fotografie, minimalistyczne grafiki i delikatne rysunki doskonale komponuj\u0105 si\u0119 z minimalistycznymi wn\u0119trzami<\/strong>.<\/p>\n<div id=\"pakawidget1285\" class=\"pakawidget\"><\/div>\n<p><script async defer src=\"https:\/\/www.pakamera.pl\/widget\/widget2.min.js?id=1285&#038;type=20240424141622&#038;wwidth=1000\"><\/script><\/p>\n<h2>Plakaty w salonie \u2013 inspiracje, jak wybra\u0107?<\/h2>\n<p>Mamy unikatowe pomys\u0142y na <a href=\"https:\/\/www.pakamera.pl\/plakaty-do-salonu-0-t100032.htm\" target=\"_blank\" rel=\"noopener\">plakaty do salonu<\/a> dla wszystkich szukaj\u0105cych oryginalnych dekoracji. <strong>Zacznij od oceny przestrzeni<\/strong>, kt\u00f3r\u0105 dysponujesz w salonie. <strong>Je\u015bli masz do czynienia z du\u017c\u0105, otwart\u0105 \u015bcian\u0105, rozwa\u017c jeden du\u017cy plakat lub kilka tworz\u0105cych seri\u0119<\/strong>. W mniejszych przestrzeniach skup si\u0119 na jednej dekoracji.<\/p>\n<p><strong>Wybieraj plakaty, kt\u00f3re m\u00f3wi\u0105 co\u015b o Tobie i Twoich zainteresowaniach<\/strong>. To \u015bwietna okazja, aby doda\u0107 osobisty akcent do dekoracji domu. Interesujesz si\u0119 kinem, sztuk\u0105, a mo\u017ce podr\u00f3\u017cami? Odpowiednia dekoracja sprawi, \u017ce przestrze\u0144 stanie si\u0119 bardziej przytulna.<\/p>\n<p><strong>Przemy\u015bl, gdzie dok\u0142adnie chcesz go powiesi\u0107<\/strong> oraz <a href=\"https:\/\/www.pakamera.pl\/magazyn\/jak-przymocowac-plakat-do-sciany\/\" target=\"_blank\" rel=\"noopener\">spos\u00f3b przymocowania plakatu do \u015bciany<\/a>. Wysoko\u015b\u0107 zawieszenia ma znaczenie \u2013 <strong>centralna cz\u0119\u015b\u0107 plakatu powinna znale\u017a\u0107 si\u0119 na poziomie oczu<\/strong>.<\/p>\n<h2>Stylowe plakaty w salonie od Pakamery<\/h2>\n<figure id=\"attachment_10525\" aria-describedby=\"caption-attachment-10525\" style=\"width: 1600px\" class=\"wp-caption alignnone\"><img loading=\"lazy\" decoding=\"async\" class=\"wp-image-10525 size-full\" src=\"https:\/\/imgmag.pakamera.net\/2024\/04\/plakaty-w-salonie-inspiracje-od-pakamery-160258470179.jpg\" alt=\"zestaw plakat\u00f3w z map\u0105 miasta jako inspiracja do salonu\" width=\"1600\" height=\"840\" \/><figcaption id=\"caption-attachment-10525\" class=\"wp-caption-text\">Zestaw plakat\u00f3w &#8211; Praga I Budapeszt \/ HOG STUDIO \/ www.pakamera<\/figcaption><\/figure>\n<p>Zdecydowa\u0142a\u015b si\u0119 na plakat w salonie? Inspiracje czekaj\u0105 na Ciebie na naszej stronie. Masz <a href=\"https:\/\/www.pakamera.pl\/magazyn\/salon-w-stylu-boho-inspiracje-i-porady\/\" target=\"_blank\" rel=\"noopener\">salon w stylu boho<\/a>? Polscy tw\u00f3rcy przygotowali wiele motyw\u00f3w kwiatowych. <strong>Ciekawe grafiki z prostymi ro\u015blinami w pakamera.pl ma w swojej ofercie marka muybien<\/strong> \u2013 te dekoracje wygl\u0105daj\u0105 niczym strony starannie przygotowanego zielnika.<\/p>\n<p><strong>Fajne plakaty przygotowa\u0142o r\u00f3wnie\u017c Hog Studio<\/strong>. W ich kolekcji znajdziesz <strong>grafiki przedstawiaj\u0105ce wielkie miasta w nietypowej ods\u0142onie, mapy, a tak\u017ce szkice zwierz\u0105<\/strong>t. Na szczeg\u00f3ln\u0105 uwag\u0119 zas\u0142uguj\u0105 wariacje na temat dzie\u0142 sztuki \u2013 Damy z gronostajem i Dziewczyny z Per\u0142\u0105.<\/p>\n<p>Masz sw\u00f3j ulubiony film? Powie\u015b plakat filmowy z najciekawsz\u0105 scen\u0105. <strong>Dekoracje z popularnymi bohaterami znajdziesz m.in. w kolekcji Natalii Biegalskiej<\/strong>. Na ich tle wyr\u00f3\u017cniaj\u0105 si\u0119 <strong>dekoracje od minimallmil, na kt\u00f3rych wida\u0107 jedynie charakterystyczny ubi\u00f3r postaci i rekwizyty<\/strong>.<\/p>\n<p>Kolejna niebanalna propozycja to <a href=\"https:\/\/www.pakamera.pl\/plakat-joga-0-t98363.htm\" target=\"_blank\" rel=\"noopener\">plakat joga<\/a> \u2013 dla mi\u0142o\u015bniczek tego sportu. <strong>Sunday is Monday przygotowa\u0142 dla Ciebie asany pokazane w przyjemny, lekko \u017cartobliwy spos\u00f3b<\/strong>. B\u0119d\u0105 idealne, gdy zapragniesz sobie przypomnie\u0107, \u017ce codzienno\u015b\u0107 mo\u017cna traktowa\u0107 z przymru\u017ceniem oka.<\/p>\n<div id=\"pakawidget1286\" class=\"pakawidget\"><\/div>\n<p><script async defer src=\"https:\/\/www.pakamera.pl\/widget\/widget2.min.js?id=1286&#038;type=20240424142414&#038;wwidth=1000\"><\/script><\/p>\n<h2>Jak eksponowa\u0107 plakaty w salonie?<\/h2>\n<p>Aby <a href=\"https:\/\/www.pakamera.pl\/plakaty-0-1827.htm\" target=\"_blank\" rel=\"noopener\">plakaty<\/a> prezentowa\u0142y si\u0119 efektownie, zastosuj kilka sprawdzonych metod. <strong>Wykorzystaj praktyczn\u0105 ram\u0119<\/strong>, kt\u00f3ra nieco odmieni wygl\u0105d grafiki. <strong>Nowoczesne wn\u0119trza \u015bwietnie komplementuj\u0105 proste, metalowe lub drewniane ramki bez zdobie\u0144<\/strong>. Je\u017celi twoje pomieszczenie ma wi\u0119cej <strong>klasycznego charakteru, wykorzystaj ci\u0119\u017csze, ozdobne dekoracje.<\/strong> Najbardziej uniwersalne kolory to czarny, bia\u0142y i br\u0105zowy.<\/p>\n<p>Zanim przybijesz pierwszy gw\u00f3\u017ad\u017a lub zaczniesz przykleja\u0107 ta\u015bm\u0119, <strong>rozplanuj kompozycj\u0119 na pod\u0142odze lub za pomoc\u0105 papierowych szablon\u00f3w na \u015bcianie<\/strong>. To pozwoli ci zobaczy\u0107, jak poszczeg\u00f3lne elementy b\u0119d\u0105 si\u0119 prezentowa\u0107 razem i umo\u017cliwi dokonanie ewentualnych poprawek.<\/p>\n<p>Na odbi\u00f3r pomieszczenia ma te\u017c o\u015bwietlenie. <strong>U\u017cyj kinkiet\u00f3w, aby rzuci\u0107 \u015bwiat\u0142o na wybrane dekoracje<\/strong>. Dzi\u0119ki nim uwydatnisz kolory i istotne szczeg\u00f3\u0142y. Ka\u017cdy plakat w salonie mo\u017ce sta\u0107 si\u0119 dzie\u0142em sztuki, je\u015bli tylko zostanie odpowiednio wyeksponowany.<\/p>\n<p><strong>Przejrzyj nasze pomys\u0142y na plakaty do salonu w pakamera.pl i wybierz co\u015b wyj\u0105tkowego dla siebie<\/strong>.<\/p>\n","protected":false},"excerpt":{"rendered":"<p>Szukasz sposobu na od\u015bwie\u017cenie mieszkania? Zastosuj plakaty w salonie \u2013 inspiracje od Pakamery a\u017c si\u0119 prosz\u0105, aby je wykorzysta\u0107! Dekoracje zamieni\u0105 nudne \u015bciany w mini galeri\u0119 sztuki. \u0141atwo stworzysz wn\u0119trze,<span class=\"more-dots\">&#8230;<\/span><\/p>\n","protected":false},"author":17,"featured_media":10525,"comment_status":"closed","ping_status":"closed","sticky":false,"template":"","format":"standard","meta":{"footnotes":""},"categories":[12],"tags":[1751,17,2208,2223],"class_list":["post-10518","post","type-post","status-publish","format-standard","has-post-thumbnail","hentry","category-dom-i-wnetrza","tag-galeria-plakatow","tag-plakat","tag-plakaty-do-salonu","tag-zestaw-3-plakatow"],"yoast_head":"<!-- This site is optimized with the Yoast SEO plugin v21.6 - https:\/\/yoast.com\/wordpress\/plugins\/seo\/ -->\n<title>Plakaty w salonie \u2013 inspiracje od Pakamery - Magazyn Pakamera.pl<\/title>\n<meta name=\"description\" content=\"Szukasz inspiracji na plakaty w salonie? Zobacz jak dobra\u0107 je do stylu, koloru i wielko\u015bci pomieszczenia aby prezentowa\u0142y si\u0119 najlepiej.\" \/>\n<meta name=\"robots\" content=\"index, follow\" \/>\n<link rel=\"canonical\" href=\"https:\/\/www.pakamera.pl\/magazyn\/plakaty-w-salonie-inspiracje-od-pakamery\/\" \/>\n<meta property=\"og:locale\" content=\"pl_PL\" \/>\n<meta property=\"og:type\" content=\"article\" \/>\n<meta property=\"og:title\" content=\"Plakaty w salonie \u2013 inspiracje od Pakamery - Magazyn Pakamera.pl\" \/>\n<meta property=\"og:description\" content=\"Szukasz inspiracji na plakaty w salonie? Zobacz jak dobra\u0107 je do stylu, koloru i wielko\u015bci pomieszczenia aby prezentowa\u0142y si\u0119 najlepiej.\" \/>\n<meta property=\"og:url\" content=\"https:\/\/www.pakamera.pl\/magazyn\/plakaty-w-salonie-inspiracje-od-pakamery\/\" \/>\n<meta property=\"og:site_name\" content=\"Magazyn Pakamera.pl\" \/>\n<meta property=\"article:publisher\" content=\"https:\/\/facebook.com\/pakamerapl\" \/>\n<meta property=\"article:published_time\" content=\"2024-04-28T08:47:21+00:00\" \/>\n<meta property=\"article:modified_time\" content=\"2024-12-17T15:07:54+00:00\" \/>\n<meta property=\"og:image\" content=\"https:\/\/imgmag.pakamera.net\/2024\/04\/plakaty-w-salonie-inspiracje-od-pakamery-160258470179.jpg\" \/>\n\t<meta property=\"og:image:width\" content=\"1600\" \/>\n\t<meta property=\"og:image:height\" content=\"840\" \/>\n\t<meta property=\"og:image:type\" content=\"image\/jpeg\" \/>\n<meta name=\"author\" content=\"Agnieszka Pilska\" \/>\n<meta name=\"twitter:card\" content=\"summary_large_image\" \/>\n<meta name=\"twitter:label1\" content=\"Napisane przez\" \/>\n\t<meta name=\"twitter:data1\" content=\"Agnieszka Pilska\" \/>\n\t<meta name=\"twitter:label2\" content=\"Szacowany czas czytania\" \/>\n\t<meta name=\"twitter:data2\" content=\"5 minut\" \/>\n<script type=\"application\/ld+json\" class=\"yoast-schema-graph\">{\"@context\":\"https:\/\/schema.org\",\"@graph\":[{\"@type\":\"Article\",\"@id\":\"https:\/\/www.pakamera.pl\/magazyn\/plakaty-w-salonie-inspiracje-od-pakamery\/#article\",\"isPartOf\":{\"@id\":\"https:\/\/www.pakamera.pl\/magazyn\/plakaty-w-salonie-inspiracje-od-pakamery\/\"},\"author\":{\"name\":\"Agnieszka Pilska\",\"@id\":\"https:\/\/www.pakamera.pl\/magazyn\/#\/schema\/person\/572f3f4a9ab09d0378471fe80a2db902\"},\"headline\":\"Plakaty w salonie \u2013 inspiracje od Pakamery\",\"datePublished\":\"2024-04-28T08:47:21+00:00\",\"dateModified\":\"2024-12-17T15:07:54+00:00\",\"mainEntityOfPage\":{\"@id\":\"https:\/\/www.pakamera.pl\/magazyn\/plakaty-w-salonie-inspiracje-od-pakamery\/\"},\"wordCount\":735,\"publisher\":{\"@id\":\"https:\/\/www.pakamera.pl\/magazyn\/#organization\"},\"keywords\":[\"galeria plakat\u00f3w\",\"plakat\",\"plakaty do salonu\",\"zestaw 3 plakat\u00f3w\"],\"articleSection\":[\"Dom i Wn\u0119trze\"],\"inLanguage\":\"pl-PL\"},{\"@type\":\"WebPage\",\"@id\":\"https:\/\/www.pakamera.pl\/magazyn\/plakaty-w-salonie-inspiracje-od-pakamery\/\",\"url\":\"https:\/\/www.pakamera.pl\/magazyn\/plakaty-w-salonie-inspiracje-od-pakamery\/\",\"name\":\"Plakaty w salonie \u2013 inspiracje od Pakamery - Magazyn Pakamera.pl\",\"isPartOf\":{\"@id\":\"https:\/\/www.pakamera.pl\/magazyn\/#website\"},\"datePublished\":\"2024-04-28T08:47:21+00:00\",\"dateModified\":\"2024-12-17T15:07:54+00:00\",\"description\":\"Szukasz inspiracji na plakaty w salonie? Zobacz jak dobra\u0107 je do stylu, koloru i wielko\u015bci pomieszczenia aby prezentowa\u0142y si\u0119 najlepiej.\",\"breadcrumb\":{\"@id\":\"https:\/\/www.pakamera.pl\/magazyn\/plakaty-w-salonie-inspiracje-od-pakamery\/#breadcrumb\"},\"inLanguage\":\"pl-PL\",\"potentialAction\":[{\"@type\":\"ReadAction\",\"target\":[\"https:\/\/www.pakamera.pl\/magazyn\/plakaty-w-salonie-inspiracje-od-pakamery\/\"]}]},{\"@type\":\"BreadcrumbList\",\"@id\":\"https:\/\/www.pakamera.pl\/magazyn\/plakaty-w-salonie-inspiracje-od-pakamery\/#breadcrumb\",\"itemListElement\":[{\"@type\":\"ListItem\",\"position\":1,\"name\":\"Magazyn\",\"item\":\"https:\/\/www.pakamera.pl\/magazyn\/\"},{\"@type\":\"ListItem\",\"position\":2,\"name\":\"Dom i Wn\u0119trze\",\"item\":\"https:\/\/www.pakamera.pl\/magazyn\/category\/dom-i-wnetrza\/\"},{\"@type\":\"ListItem\",\"position\":3,\"name\":\"Plakaty w salonie \u2013 inspiracje od Pakamery\"}]},{\"@type\":\"WebSite\",\"@id\":\"https:\/\/www.pakamera.pl\/magazyn\/#website\",\"url\":\"https:\/\/www.pakamera.pl\/magazyn\/\",\"name\":\"Magazyn Pakamera.pl\",\"description\":\"Sprawd\u017a najgor\u0119tsze tematy sezonu!\",\"publisher\":{\"@id\":\"https:\/\/www.pakamera.pl\/magazyn\/#organization\"},\"potentialAction\":[{\"@type\":\"SearchAction\",\"target\":{\"@type\":\"EntryPoint\",\"urlTemplate\":\"https:\/\/www.pakamera.pl\/magazyn\/?s={search_term_string}\"},\"query-input\":\"required name=search_term_string\"}],\"inLanguage\":\"pl-PL\"},{\"@type\":\"Organization\",\"@id\":\"https:\/\/www.pakamera.pl\/magazyn\/#organization\",\"name\":\"Pakamera.pl\",\"url\":\"https:\/\/www.pakamera.pl\/magazyn\/\",\"logo\":{\"@type\":\"ImageObject\",\"inLanguage\":\"pl-PL\",\"@id\":\"https:\/\/www.pakamera.pl\/magazyn\/#\/schema\/logo\/image\/\",\"url\":\"https:\/\/imgmag.pakamera.net\/2023\/11\/153455466619.png\",\"contentUrl\":\"https:\/\/imgmag.pakamera.net\/2023\/11\/153455466619.png\",\"width\":690,\"height\":140,\"caption\":\"Pakamera.pl\"},\"image\":{\"@id\":\"https:\/\/www.pakamera.pl\/magazyn\/#\/schema\/logo\/image\/\"},\"sameAs\":[\"https:\/\/facebook.com\/pakamerapl\",\"https:\/\/www.instagram.com\/pakamera\/\"]},{\"@type\":\"Person\",\"@id\":\"https:\/\/www.pakamera.pl\/magazyn\/#\/schema\/person\/572f3f4a9ab09d0378471fe80a2db902\",\"name\":\"Agnieszka Pilska\",\"description\":\"Agnieszka kocha dobry design i wszystko co si\u0119 z nim \u0142\u0105czy. Ma do\u015bwiadczenie w projektowaniu wn\u0119trz dzi\u0119ki czemu ma niesamowity zmys\u0142 estetyczny. Potrafi prostymi dodatkami stworzy\u0107 przestrze\u0144, kt\u00f3ra zachwyci wszystkich.\"}]}<\/script>\n<!-- \/ Yoast SEO plugin. -->","yoast_head_json":{"title":"Plakaty w salonie \u2013 inspiracje od Pakamery - Magazyn Pakamera.pl","description":"Szukasz inspiracji na plakaty w salonie? Zobacz jak dobra\u0107 je do stylu, koloru i wielko\u015bci pomieszczenia aby prezentowa\u0142y si\u0119 najlepiej.","robots":{"index":"index","follow":"follow"},"canonical":"https:\/\/www.pakamera.pl\/magazyn\/plakaty-w-salonie-inspiracje-od-pakamery\/","og_locale":"pl_PL","og_type":"article","og_title":"Plakaty w salonie \u2013 inspiracje od Pakamery - Magazyn Pakamera.pl","og_description":"Szukasz inspiracji na plakaty w salonie? Zobacz jak dobra\u0107 je do stylu, koloru i wielko\u015bci pomieszczenia aby prezentowa\u0142y si\u0119 najlepiej.","og_url":"https:\/\/www.pakamera.pl\/magazyn\/plakaty-w-salonie-inspiracje-od-pakamery\/","og_site_name":"Magazyn Pakamera.pl","article_publisher":"https:\/\/facebook.com\/pakamerapl","article_published_time":"2024-04-28T08:47:21+00:00","article_modified_time":"2024-12-17T15:07:54+00:00","og_image":[{"width":1600,"height":840,"url":"https:\/\/imgmag.pakamera.net\/2024\/04\/plakaty-w-salonie-inspiracje-od-pakamery-160258470179.jpg","type":"image\/jpeg"}],"author":"Agnieszka Pilska","twitter_card":"summary_large_image","twitter_misc":{"Napisane przez":"Agnieszka Pilska","Szacowany czas czytania":"5 minut"},"schema":{"@context":"https:\/\/schema.org","@graph":[{"@type":"Article","@id":"https:\/\/www.pakamera.pl\/magazyn\/plakaty-w-salonie-inspiracje-od-pakamery\/#article","isPartOf":{"@id":"https:\/\/www.pakamera.pl\/magazyn\/plakaty-w-salonie-inspiracje-od-pakamery\/"},"author":{"name":"Agnieszka Pilska","@id":"https:\/\/www.pakamera.pl\/magazyn\/#\/schema\/person\/572f3f4a9ab09d0378471fe80a2db902"},"headline":"Plakaty w salonie \u2013 inspiracje od Pakamery","datePublished":"2024-04-28T08:47:21+00:00","dateModified":"2024-12-17T15:07:54+00:00","mainEntityOfPage":{"@id":"https:\/\/www.pakamera.pl\/magazyn\/plakaty-w-salonie-inspiracje-od-pakamery\/"},"wordCount":735,"publisher":{"@id":"https:\/\/www.pakamera.pl\/magazyn\/#organization"},"keywords":["galeria plakat\u00f3w","plakat","plakaty do salonu","zestaw 3 plakat\u00f3w"],"articleSection":["Dom i Wn\u0119trze"],"inLanguage":"pl-PL"},{"@type":"WebPage","@id":"https:\/\/www.pakamera.pl\/magazyn\/plakaty-w-salonie-inspiracje-od-pakamery\/","url":"https:\/\/www.pakamera.pl\/magazyn\/plakaty-w-salonie-inspiracje-od-pakamery\/","name":"Plakaty w salonie \u2013 inspiracje od Pakamery - Magazyn Pakamera.pl","isPartOf":{"@id":"https:\/\/www.pakamera.pl\/magazyn\/#website"},"datePublished":"2024-04-28T08:47:21+00:00","dateModified":"2024-12-17T15:07:54+00:00","description":"Szukasz inspiracji na plakaty w salonie? Zobacz jak dobra\u0107 je do stylu, koloru i wielko\u015bci pomieszczenia aby prezentowa\u0142y si\u0119 najlepiej.","breadcrumb":{"@id":"https:\/\/www.pakamera.pl\/magazyn\/plakaty-w-salonie-inspiracje-od-pakamery\/#breadcrumb"},"inLanguage":"pl-PL","potentialAction":[{"@type":"ReadAction","target":["https:\/\/www.pakamera.pl\/magazyn\/plakaty-w-salonie-inspiracje-od-pakamery\/"]}]},{"@type":"BreadcrumbList","@id":"https:\/\/www.pakamera.pl\/magazyn\/plakaty-w-salonie-inspiracje-od-pakamery\/#breadcrumb","itemListElement":[{"@type":"ListItem","position":1,"name":"Magazyn","item":"https:\/\/www.pakamera.pl\/magazyn\/"},{"@type":"ListItem","position":2,"name":"Dom i Wn\u0119trze","item":"https:\/\/www.pakamera.pl\/magazyn\/category\/dom-i-wnetrza\/"},{"@type":"ListItem","position":3,"name":"Plakaty w salonie \u2013 inspiracje od Pakamery"}]},{"@type":"WebSite","@id":"https:\/\/www.pakamera.pl\/magazyn\/#website","url":"https:\/\/www.pakamera.pl\/magazyn\/","name":"Magazyn Pakamera.pl","description":"Sprawd\u017a najgor\u0119tsze tematy sezonu!","publisher":{"@id":"https:\/\/www.pakamera.pl\/magazyn\/#organization"},"potentialAction":[{"@type":"SearchAction","target":{"@type":"EntryPoint","urlTemplate":"https:\/\/www.pakamera.pl\/magazyn\/?s={search_term_string}"},"query-input":"required name=search_term_string"}],"inLanguage":"pl-PL"},{"@type":"Organization","@id":"https:\/\/www.pakamera.pl\/magazyn\/#organization","name":"Pakamera.pl","url":"https:\/\/www.pakamera.pl\/magazyn\/","logo":{"@type":"ImageObject","inLanguage":"pl-PL","@id":"https:\/\/www.pakamera.pl\/magazyn\/#\/schema\/logo\/image\/","url":"https:\/\/imgmag.pakamera.net\/2023\/11\/153455466619.png","contentUrl":"https:\/\/imgmag.pakamera.net\/2023\/11\/153455466619.png","width":690,"height":140,"caption":"Pakamera.pl"},"image":{"@id":"https:\/\/www.pakamera.pl\/magazyn\/#\/schema\/logo\/image\/"},"sameAs":["https:\/\/facebook.com\/pakamerapl","https:\/\/www.instagram.com\/pakamera\/"]},{"@type":"Person","@id":"https:\/\/www.pakamera.pl\/magazyn\/#\/schema\/person\/572f3f4a9ab09d0378471fe80a2db902","name":"Agnieszka Pilska","description":"Agnieszka kocha dobry design i wszystko co si\u0119 z nim \u0142\u0105czy. Ma do\u015bwiadczenie w projektowaniu wn\u0119trz dzi\u0119ki czemu ma niesamowity zmys\u0142 estetyczny. Potrafi prostymi dodatkami stworzy\u0107 przestrze\u0144, kt\u00f3ra zachwyci wszystkich."}]}},"_links":{"self":[{"href":"https:\/\/www.pakamera.pl\/magazyn\/wp-json\/wp\/v2\/posts\/10518","targetHints":{"allow":["GET"]}}],"collection":[{"href":"https:\/\/www.pakamera.pl\/magazyn\/wp-json\/wp\/v2\/posts"}],"about":[{"href":"https:\/\/www.pakamera.pl\/magazyn\/wp-json\/wp\/v2\/types\/post"}],"author":[{"embeddable":true,"href":"https:\/\/www.pakamera.pl\/magazyn\/wp-json\/wp\/v2\/users\/17"}],"replies":[{"embeddable":true,"href":"https:\/\/www.pakamera.pl\/magazyn\/wp-json\/wp\/v2\/comments?post=10518"}],"version-history":[{"count":3,"href":"https:\/\/www.pakamera.pl\/magazyn\/wp-json\/wp\/v2\/posts\/10518\/revisions"}],"predecessor-version":[{"id":11982,"href":"https:\/\/www.pakamera.pl\/magazyn\/wp-json\/wp\/v2\/posts\/10518\/revisions\/11982"}],"wp:featuredmedia":[{"embeddable":true,"href":"https:\/\/www.pakamera.pl\/magazyn\/wp-json\/wp\/v2\/media\/10525"}],"wp:attachment":[{"href":"https:\/\/www.pakamera.pl\/magazyn\/wp-json\/wp\/v2\/media?parent=10518"}],"wp:term":[{"taxonomy":"category","embeddable":true,"href":"https:\/\/www.pakamera.pl\/magazyn\/wp-json\/wp\/v2\/categories?post=10518"},{"taxonomy":"post_tag","embeddable":true,"href":"https:\/\/www.pakamera.pl\/magazyn\/wp-json\/wp\/v2\/tags?post=10518"}],"curies":[{"name":"wp","href":"https:\/\/api.w.org\/{rel}","templated":true}]}}