{"id":10513,"date":"2024-04-27T13:15:59","date_gmt":"2024-04-27T11:15:59","guid":{"rendered":"https:\/\/www.pakamera.pl\/magazyn\/?p=10513"},"modified":"2024-04-24T13:32:08","modified_gmt":"2024-04-24T11:32:08","slug":"czym-jest-i-jak-wyglada-czarny-bursztyn","status":"publish","type":"post","link":"https:\/\/www.pakamera.pl\/magazyn\/czym-jest-i-jak-wyglada-czarny-bursztyn\/","title":{"rendered":"Czym jest i jak wygl\u0105da czarny bursztyn?"},"content":{"rendered":"<p><strong>Bi\u017cuteria z zastyg\u0142\u0105 \u017cywic\u0105 zdoby\u0142a wierne grono mi\u0142o\u015bnik\u00f3w. Jej pi\u0119kne miodowe, \u017c\u00f3\u0142te, zielone i br\u0105zowe odcienie emanuj\u0105 ciep\u0142em i blaskiem. Wiele os\u00f3b nie wie nawet, \u017ce mo\u017cna r\u00f3wnie\u017c spotka\u0107 inny kolor. Zobacz, czym jest i jak wygl\u0105da czarny bursztyn.<\/strong><\/p>\n<p><!--more--><\/p>\n<figure id=\"attachment_10515\" aria-describedby=\"caption-attachment-10515\" style=\"width: 1600px\" class=\"wp-caption alignnone\"><img loading=\"lazy\" decoding=\"async\" class=\"wp-image-10515 size-full\" src=\"https:\/\/imgmag.pakamera.net\/2024\/04\/czym-jest-i-jak-wyglada-czarny-bursztyn-115354700676.jpg\" alt=\"Czym jest i jak wygl\u0105da czarny bursztyn\" width=\"1600\" height=\"840\" \/><figcaption id=\"caption-attachment-10515\" class=\"wp-caption-text\">Naszyjnik Bursztynowe kule na rzemieniu \/ cynamonn \/ www.pakamera.pl<\/figcaption><\/figure>\n<p>Poznaj odmian\u0119 rzadsz\u0105 ni\u017c z\u0142ocisty i mleczny bursztyn \u2013 oto czarny bursztyn. Jak go rozpozna\u0107? Oczywi\u015bcie po kolorze. Kamie\u0144 powstaje podobnie jak inne rodzaje bursztynu \u2013 <strong>to skamienia\u0142a \u017cywica drzew iglastych<\/strong>, kt\u00f3ra uleg\u0142a procesowi polimeryzacji i utwardzenia przez miliony lat.<\/p>\n<h2>Tajemnice czarnego bursztynu \u2013 co to jest?<\/h2>\n<p><strong>Czarny bursztyn wyr\u00f3\u017cniaj\u0105 specyficzne warunki, w kt\u00f3rych \u017cywica by\u0142a przetwarzana przez natur\u0119<\/strong>. Cz\u0119sto <strong>zawiera on wi\u0119ksz\u0105 ilo\u015b\u0107 zanieczyszcze\u0144 organicznych<\/strong>, co przyczynia si\u0119 do jego ciemnej, niemal czarnej barwy.<\/p>\n<p>Jak wygl\u0105da czarny bursztyn? Ozdoba <strong>mo\u017ce nie by\u0107 ca\u0142kowicie przezroczysta<\/strong> \u2013 cz\u0119sto \u017cywica opalizuje, przez co wydaje si\u0119 pe\u0142na g\u0142\u0119bi. Jej <strong>barwa waha si\u0119 od ciemnobr\u0105zowej do g\u0142\u0119bokiego czarnego<\/strong> koloru. Niekiedy wyst\u0119puj\u0105 przeb\u0142yski innych odcieni.<\/p>\n<p>Ze wzgl\u0119du na swoj\u0105 rzadko\u015b\u0107, <strong>czarny bursztyn jest bardzo ceniony w\u015br\u00f3d kolekcjoner\u00f3w i tw\u00f3rc\u00f3w bi\u017cuterii<\/strong>. Kamienie s\u0105 wykorzystywane do tworzenia ekskluzywnych ozd\u00f3b. Bywa r\u00f3wnie\u017c wykorzystywany w r\u00f3\u017cnych praktykach ezoterycznych jako amulet.<\/p>\n<p>Czarny bursztyn \u2013<strong> jak rozpozna\u0107<\/strong>, czy jest autentyczny? Mo\u017cesz to <strong>sprawdzi\u0107 za pomoc\u0105 testu p\u0142ywalno\u015bci w solance<\/strong>, testu zapachowego (przy podgrzewaniu wydziela charakterystyczny s\u0142odki zapach) lub <strong>testu pod \u015bwiat\u0142em UV<\/strong> (czarny bursztyn wykazuje fluorescencj\u0119).<\/p>\n<div id=\"pakawidget1284\" class=\"pakawidget\"><\/div>\n<p><script async defer src=\"https:\/\/www.pakamera.pl\/widget\/widget2.min.js?id=1284&#038;type=20240424131425&#038;wwidth=1000\"><\/script><\/p>\n<h2>Czarny bursztyn \u2013 cechy i pochodzenie<\/h2>\n<p><a href=\"https:\/\/www.pakamera.pl\/czarny-bursztyn-0-t74819.htm\" target=\"_blank\" rel=\"noopener\">Czarny bursztyn<\/a> <strong>powstaje w wyniku zmieszania \u017cywicy z kor\u0105 i li\u015b\u0107mi<\/strong>. Te zanieczyszczenia nadaj\u0105 mu charakterystyczn\u0105 barw\u0119. Niekiedy mog\u0105 one stanowi\u0107 nawet 90% jego wagi. W\u0142a\u015bnie dlatego obr\u00f3bka \u017cywicy o tej barwie jest do\u015b\u0107 skomplikowana.<\/p>\n<p>Jest to <strong>najciemniejsza odmiana bursztynu<\/strong>. Cz\u0119sto ma g\u0142\u0119boko czarn\u0105 lub ciemnobr\u0105zow\u0105 barw\u0119. Mo\u017ce przejawia\u0107 <strong>subtelne przeb\u0142yski czerwieni lub zielonkawego koloru<\/strong> pod odpowiednim o\u015bwietleniem.<\/p>\n<p>Zdarzaj\u0105 si\u0119 ca\u0142kowicie prze\u017aroczyste, jak i nieprzezroczyste czarne bursztyny. Mog\u0105 mie\u0107 g\u0142adk\u0105 b\u0142yszcz\u0105c\u0105 powierzchni\u0119 lub matowe wyko\u0144czenie.<\/p>\n<p><a href=\"https:\/\/www.pakamera.pl\/magazyn\/jak-rozpoznac-bursztyn\/\" target=\"_blank\" rel=\"noopener\">Jak rozpozna\u0107 bursztyn<\/a>? Podgrzej go lekko np. za pomoc\u0105 gor\u0105cej ig\u0142y. <strong>Prawdziwa \u017cywica pod wp\u0142ywem ciep\u0142a wydaje s\u0142odki zapach lekko przypominaj\u0105cy kadzid\u0142o<\/strong>.<\/p>\n<h2>Jak czarny bursztyn jest u\u017cywany w bi\u017cuterii?<\/h2>\n<figure id=\"attachment_10514\" aria-describedby=\"caption-attachment-10514\" style=\"width: 1600px\" class=\"wp-caption alignnone\"><img loading=\"lazy\" decoding=\"async\" class=\"wp-image-10514 size-full\" src=\"https:\/\/imgmag.pakamera.net\/2024\/04\/czym-jest-i-jak-wyglada-czarny-bursztyn-115354035081.jpg\" alt=\"d\u0142ugi srebrny naszyjnik z ciemnym bursztynem\" width=\"1600\" height=\"840\" \/><figcaption id=\"caption-attachment-10514\" class=\"wp-caption-text\">Dwustronny naszyjnik z ciemnym bursztynem \/ Barbara Fedorczyk \/ www.pakamera.pl<\/figcaption><\/figure>\n<p>Czarny bursztyn ba\u0142tycki stanowi wyj\u0105tkowy materia\u0142 u\u017cywany w bi\u017cuterii. Jego luksusowy wygl\u0105d przyci\u0105ga wzrok. <strong>Cz\u0119sto umieszcza si\u0119 go jako centralny element wisiork\u00f3w<\/strong>. Ciemna barwa <strong>fajnie kontrastuje z ja\u015bniejszymi kamieniami, srebrem lub bia\u0142ym z\u0142otem<\/strong>. Mo\u017cna r\u00f3wnie\u017c spotka\u0107 <a href=\"https:\/\/www.pakamera.pl\/bursztynowe-korale-0-t41011.htm\" target=\"_blank\" rel=\"noopener\">bursztynowe korale<\/a>.<\/p>\n<p><strong>Kolczyki z czarnego bursztynu s\u0105 popularnym wyborem<\/strong> dla os\u00f3b szukaj\u0105cych eleganckich, ale zarazem niebanalnych ozd\u00f3b. \u017bywica wyst\u0119puje <strong>w formie sztyft\u00f3w, \u0142ezek lub wisz\u0105cych kolczyk\u00f3w<\/strong>.<br \/>\nCzarny bursztyn jest<strong> tak\u017ce u\u017cywany do bransoletek i pier\u015bcionk\u00f3w<\/strong>. Mo\u017ce by\u0107 osadzony w metalu jako pojedynczy kamie\u0144 lub jako cz\u0119\u015b\u0107 wi\u0119kszej grupy kamieni.<\/p>\n<p><strong>Przy wyborze bi\u017cuterii z czarnego bursztynu, zwr\u00f3\u0107 uwag\u0119 na jako\u015b\u0107 kamienia<\/strong>. Idealny czarny bursztyn powinien by\u0107 g\u0142adki i pozbawiony widocznych p\u0119kni\u0119\u0107 czy wtr\u0105ce\u0144, kt\u00f3re mog\u0142yby os\u0142abi\u0107 jego struktur\u0119.<\/p>\n<h2>Jak dba\u0107 o bi\u017cuteri\u0119 z czarnego bursztynu?<\/h2>\n<div id=\"pakawidget1280\" class=\"pakawidget\"><\/div>\n<p><script async defer src=\"https:\/\/www.pakamera.pl\/widget\/widget2.min.js?id=1280&#038;type=20240424104843&#038;wwidth=1000\"><\/script><br \/>\nCzarny bursztyn ba\u0142tycki jest stosunkowo mi\u0119kki i mo\u017ce \u0142atwo ulec zarysowaniu. <strong>Do przechowywania ozdobionej nim bi\u017cuterii przeznacz szkatu\u0142k\u0119 wy\u015bcielon\u0105 mi\u0119kkim materia\u0142em lub woreczek<\/strong>. Zanim od\u0142o\u017cysz ozdoby na miejsce, upewnij si\u0119, \u017ce s\u0105 suche i czyste.<\/p>\n<p><strong>Do czyszczenia czarnego bursztynu u\u017cywaj mi\u0119kkiej, suchej szmatki<\/strong>. Mo\u017cesz delikatnie przetrze\u0107 kamie\u0144 wilgotnym, ale wyci\u015bni\u0119tym z wody, r\u0119cznikiem bez u\u017cycia jakichkolwiek detergent\u00f3w. Je\u015bli zdecydujesz si\u0119 na specjalne preparaty do czyszczenia bi\u017cuterii, sprawd\u017a wcze\u015bniej, czy s\u0105 odpowiednie do bursztynu \u2013 niekt\u00f3re \u015brodki mog\u0105 by\u0107 zbyt agresywne.<\/p>\n<p><strong>Substancje zawarte w perfumach, lakierach do w\u0142os\u00f3w i kremach mog\u0105 uszkodzi\u0107 powierzchni\u0119 czarnego bursztynu<\/strong>, sprawiaj\u0105c, \u017ce stanie si\u0119 matowy i straci sw\u00f3j blask. Zawsze nak\u0142adaj kosmetyki przed za\u0142o\u017ceniem bi\u017cuterii i pozw\u00f3l, aby sk\u00f3ra ca\u0142kowicie wysch\u0142a. <strong>Chro\u0144 \u017cywic\u0119 przed bezpo\u015brednim dzia\u0142aniem promieni s\u0142onecznych<\/strong> \u2013 mog\u0105 wywo\u0142a\u0107 jego blakni\u0119cie.<\/p>\n<p>Czarny bursztyn mo\u017ce p\u0119kn\u0105\u0107 pod wp\u0142ywem silnego uderzenia, dlatego zawsze zdejmuj bi\u017cuteri\u0119 podczas wykonywania prac domowych i uprawiania sportu.<\/p>\n<h2>Czarny bursztyn w kulturze i sztuce<\/h2>\n<p>W ezoteryce czarny bursztyn w\u0142a\u015bciwo\u015bci ma niezwyk\u0142e \u2013 <strong>jest uwa\u017cany za kamie\u0144 o szczeg\u00f3lnych w\u0142a\u015bciwo\u015bciach ochronnych<\/strong>. W tradycji s\u0142owia\u0144skiej i ba\u0142tyckiej mia\u0142 chroni\u0107 przed z\u0142ymi duchami i urokami. Noszenie ozdobionej \u017cywic\u0105 bi\u017cuterii zapewnia\u0142o spok\u00f3j ducha i ochron\u0119 przed negatywn\u0105 energi\u0105.<\/p>\n<p>W sztuce bursztyn by\u0142 u\u017cywany ju\u017c w paleolicie <strong>do wytwarzania ma\u0142ych ozdobnych przedmiot\u00f3w i amulet\u00f3w<\/strong>. W okresie <strong>baroku bursztynowe komnaty i inne du\u017ce instalacje stanowi\u0142y dow\u00f3d na bogactwo i dobry gust<\/strong> europejskich monarch\u00f3w.<\/p>\n<p>Chcesz si\u0119 przekona\u0107, jak wygl\u0105da czarny bursztyn w bi\u017cuterii? Sprawd\u017a, jakie s\u0105 odmiany bursztynu i <strong>znajd\u017a idealny dla siebie na Pakamera.pl<\/strong>.<\/p>\n","protected":false},"excerpt":{"rendered":"<p>Bi\u017cuteria z zastyg\u0142\u0105 \u017cywic\u0105 zdoby\u0142a wierne grono mi\u0142o\u015bnik\u00f3w. Jej pi\u0119kne miodowe, \u017c\u00f3\u0142te, zielone i br\u0105zowe odcienie emanuj\u0105 ciep\u0142em i blaskiem. Wiele os\u00f3b nie wie nawet, \u017ce mo\u017cna r\u00f3wnie\u017c spotka\u0107 inny<span class=\"more-dots\">&#8230;<\/span><\/p>\n","protected":false},"author":16,"featured_media":10515,"comment_status":"closed","ping_status":"closed","sticky":false,"template":"","format":"standard","meta":{"footnotes":""},"categories":[3],"tags":[2280,2279,2362],"class_list":["post-10513","post","type-post","status-publish","format-standard","has-post-thumbnail","hentry","category-moda","tag-bursztyn-czarny","tag-kolczyki-z-bursztynem-baltyckim","tag-korale-bursztynowe"],"yoast_head":"<!-- This site is optimized with the Yoast SEO plugin v21.6 - https:\/\/yoast.com\/wordpress\/plugins\/seo\/ -->\n<title>Czym jest i jak wygl\u0105da czarny bursztyn? - Magazyn Pakamera.pl<\/title>\n<meta name=\"description\" content=\"Zastanawiasz si\u0119 jak wygl\u0105da czarny bursztyn? Zobacz wyroby z t\u0105 pi\u0119kn\u0105 odmian\u0105 tworzone przez polskich artyst\u00f3w.\" \/>\n<meta name=\"robots\" content=\"index, follow\" \/>\n<link rel=\"canonical\" href=\"https:\/\/www.pakamera.pl\/magazyn\/czym-jest-i-jak-wyglada-czarny-bursztyn\/\" \/>\n<meta property=\"og:locale\" content=\"pl_PL\" \/>\n<meta property=\"og:type\" content=\"article\" \/>\n<meta property=\"og:title\" content=\"Czym jest i jak wygl\u0105da czarny bursztyn? - Magazyn Pakamera.pl\" \/>\n<meta property=\"og:description\" content=\"Zastanawiasz si\u0119 jak wygl\u0105da czarny bursztyn? Zobacz wyroby z t\u0105 pi\u0119kn\u0105 odmian\u0105 tworzone przez polskich artyst\u00f3w.\" \/>\n<meta property=\"og:url\" content=\"https:\/\/www.pakamera.pl\/magazyn\/czym-jest-i-jak-wyglada-czarny-bursztyn\/\" \/>\n<meta property=\"og:site_name\" content=\"Magazyn Pakamera.pl\" \/>\n<meta property=\"article:publisher\" content=\"https:\/\/facebook.com\/pakamerapl\" \/>\n<meta property=\"article:published_time\" content=\"2024-04-27T11:15:59+00:00\" \/>\n<meta property=\"article:modified_time\" content=\"2024-04-24T11:32:08+00:00\" \/>\n<meta property=\"og:image\" content=\"https:\/\/imgmag.pakamera.net\/2024\/04\/czym-jest-i-jak-wyglada-czarny-bursztyn-115354700676.jpg\" \/>\n\t<meta property=\"og:image:width\" content=\"1600\" \/>\n\t<meta property=\"og:image:height\" content=\"840\" \/>\n\t<meta property=\"og:image:type\" content=\"image\/jpeg\" \/>\n<meta name=\"author\" content=\"Magda Strzelecka\" \/>\n<meta name=\"twitter:card\" content=\"summary_large_image\" \/>\n<meta name=\"twitter:label1\" content=\"Napisane przez\" \/>\n\t<meta name=\"twitter:data1\" content=\"Magda Strzelecka\" \/>\n\t<meta name=\"twitter:label2\" content=\"Szacowany czas czytania\" \/>\n\t<meta name=\"twitter:data2\" content=\"5 minut\" \/>\n<script type=\"application\/ld+json\" class=\"yoast-schema-graph\">{\"@context\":\"https:\/\/schema.org\",\"@graph\":[{\"@type\":\"Article\",\"@id\":\"https:\/\/www.pakamera.pl\/magazyn\/czym-jest-i-jak-wyglada-czarny-bursztyn\/#article\",\"isPartOf\":{\"@id\":\"https:\/\/www.pakamera.pl\/magazyn\/czym-jest-i-jak-wyglada-czarny-bursztyn\/\"},\"author\":{\"name\":\"Magda Strzelecka\",\"@id\":\"https:\/\/www.pakamera.pl\/magazyn\/#\/schema\/person\/375940ab821c5af50e1e31f1ec5282b5\"},\"headline\":\"Czym jest i jak wygl\u0105da czarny bursztyn?\",\"datePublished\":\"2024-04-27T11:15:59+00:00\",\"dateModified\":\"2024-04-24T11:32:08+00:00\",\"mainEntityOfPage\":{\"@id\":\"https:\/\/www.pakamera.pl\/magazyn\/czym-jest-i-jak-wyglada-czarny-bursztyn\/\"},\"wordCount\":897,\"publisher\":{\"@id\":\"https:\/\/www.pakamera.pl\/magazyn\/#organization\"},\"keywords\":[\"bursztyn czarny\",\"kolczyki z bursztynem ba\u0142tyckim\",\"korale bursztynowe\"],\"articleSection\":[\"Moda\"],\"inLanguage\":\"pl-PL\"},{\"@type\":\"WebPage\",\"@id\":\"https:\/\/www.pakamera.pl\/magazyn\/czym-jest-i-jak-wyglada-czarny-bursztyn\/\",\"url\":\"https:\/\/www.pakamera.pl\/magazyn\/czym-jest-i-jak-wyglada-czarny-bursztyn\/\",\"name\":\"Czym jest i jak wygl\u0105da czarny bursztyn? - Magazyn Pakamera.pl\",\"isPartOf\":{\"@id\":\"https:\/\/www.pakamera.pl\/magazyn\/#website\"},\"datePublished\":\"2024-04-27T11:15:59+00:00\",\"dateModified\":\"2024-04-24T11:32:08+00:00\",\"description\":\"Zastanawiasz si\u0119 jak wygl\u0105da czarny bursztyn? Zobacz wyroby z t\u0105 pi\u0119kn\u0105 odmian\u0105 tworzone przez polskich artyst\u00f3w.\",\"breadcrumb\":{\"@id\":\"https:\/\/www.pakamera.pl\/magazyn\/czym-jest-i-jak-wyglada-czarny-bursztyn\/#breadcrumb\"},\"inLanguage\":\"pl-PL\",\"potentialAction\":[{\"@type\":\"ReadAction\",\"target\":[\"https:\/\/www.pakamera.pl\/magazyn\/czym-jest-i-jak-wyglada-czarny-bursztyn\/\"]}]},{\"@type\":\"BreadcrumbList\",\"@id\":\"https:\/\/www.pakamera.pl\/magazyn\/czym-jest-i-jak-wyglada-czarny-bursztyn\/#breadcrumb\",\"itemListElement\":[{\"@type\":\"ListItem\",\"position\":1,\"name\":\"Magazyn\",\"item\":\"https:\/\/www.pakamera.pl\/magazyn\/\"},{\"@type\":\"ListItem\",\"position\":2,\"name\":\"Moda\",\"item\":\"https:\/\/www.pakamera.pl\/magazyn\/category\/moda\/\"},{\"@type\":\"ListItem\",\"position\":3,\"name\":\"Czym jest i jak wygl\u0105da czarny bursztyn?\"}]},{\"@type\":\"WebSite\",\"@id\":\"https:\/\/www.pakamera.pl\/magazyn\/#website\",\"url\":\"https:\/\/www.pakamera.pl\/magazyn\/\",\"name\":\"Magazyn Pakamera.pl\",\"description\":\"Sprawd\u017a najgor\u0119tsze tematy sezonu!\",\"publisher\":{\"@id\":\"https:\/\/www.pakamera.pl\/magazyn\/#organization\"},\"potentialAction\":[{\"@type\":\"SearchAction\",\"target\":{\"@type\":\"EntryPoint\",\"urlTemplate\":\"https:\/\/www.pakamera.pl\/magazyn\/?s={search_term_string}\"},\"query-input\":\"required name=search_term_string\"}],\"inLanguage\":\"pl-PL\"},{\"@type\":\"Organization\",\"@id\":\"https:\/\/www.pakamera.pl\/magazyn\/#organization\",\"name\":\"Pakamera.pl\",\"url\":\"https:\/\/www.pakamera.pl\/magazyn\/\",\"logo\":{\"@type\":\"ImageObject\",\"inLanguage\":\"pl-PL\",\"@id\":\"https:\/\/www.pakamera.pl\/magazyn\/#\/schema\/logo\/image\/\",\"url\":\"https:\/\/imgmag.pakamera.net\/2023\/11\/153455466619.png\",\"contentUrl\":\"https:\/\/imgmag.pakamera.net\/2023\/11\/153455466619.png\",\"width\":690,\"height\":140,\"caption\":\"Pakamera.pl\"},\"image\":{\"@id\":\"https:\/\/www.pakamera.pl\/magazyn\/#\/schema\/logo\/image\/\"},\"sameAs\":[\"https:\/\/facebook.com\/pakamerapl\",\"https:\/\/www.instagram.com\/pakamera\/\"]},{\"@type\":\"Person\",\"@id\":\"https:\/\/www.pakamera.pl\/magazyn\/#\/schema\/person\/375940ab821c5af50e1e31f1ec5282b5\",\"name\":\"Magda Strzelecka\",\"description\":\"Magda to nasza stylistka, kt\u00f3ra od ponad 10 lat \u015bci\u015ble zwi\u0105zana jest z mod\u0105. Uwielbia \u015bledzi\u0107 \u015bwiatowe trendy i przek\u0142ada\u0107 je na rynek polski. Kocha dobre sk\u0142ady ubra\u0144, wyj\u0105tkow\u0105 bi\u017cuteri\u0119 i dodatki kt\u00f3re o\u017cywi\u0105 ka\u017cd\u0105 stylizacj\u0119.\"}]}<\/script>\n<!-- \/ Yoast SEO plugin. -->","yoast_head_json":{"title":"Czym jest i jak wygl\u0105da czarny bursztyn? - Magazyn Pakamera.pl","description":"Zastanawiasz si\u0119 jak wygl\u0105da czarny bursztyn? Zobacz wyroby z t\u0105 pi\u0119kn\u0105 odmian\u0105 tworzone przez polskich artyst\u00f3w.","robots":{"index":"index","follow":"follow"},"canonical":"https:\/\/www.pakamera.pl\/magazyn\/czym-jest-i-jak-wyglada-czarny-bursztyn\/","og_locale":"pl_PL","og_type":"article","og_title":"Czym jest i jak wygl\u0105da czarny bursztyn? - Magazyn Pakamera.pl","og_description":"Zastanawiasz si\u0119 jak wygl\u0105da czarny bursztyn? Zobacz wyroby z t\u0105 pi\u0119kn\u0105 odmian\u0105 tworzone przez polskich artyst\u00f3w.","og_url":"https:\/\/www.pakamera.pl\/magazyn\/czym-jest-i-jak-wyglada-czarny-bursztyn\/","og_site_name":"Magazyn Pakamera.pl","article_publisher":"https:\/\/facebook.com\/pakamerapl","article_published_time":"2024-04-27T11:15:59+00:00","article_modified_time":"2024-04-24T11:32:08+00:00","og_image":[{"width":1600,"height":840,"url":"https:\/\/imgmag.pakamera.net\/2024\/04\/czym-jest-i-jak-wyglada-czarny-bursztyn-115354700676.jpg","type":"image\/jpeg"}],"author":"Magda Strzelecka","twitter_card":"summary_large_image","twitter_misc":{"Napisane przez":"Magda Strzelecka","Szacowany czas czytania":"5 minut"},"schema":{"@context":"https:\/\/schema.org","@graph":[{"@type":"Article","@id":"https:\/\/www.pakamera.pl\/magazyn\/czym-jest-i-jak-wyglada-czarny-bursztyn\/#article","isPartOf":{"@id":"https:\/\/www.pakamera.pl\/magazyn\/czym-jest-i-jak-wyglada-czarny-bursztyn\/"},"author":{"name":"Magda Strzelecka","@id":"https:\/\/www.pakamera.pl\/magazyn\/#\/schema\/person\/375940ab821c5af50e1e31f1ec5282b5"},"headline":"Czym jest i jak wygl\u0105da czarny bursztyn?","datePublished":"2024-04-27T11:15:59+00:00","dateModified":"2024-04-24T11:32:08+00:00","mainEntityOfPage":{"@id":"https:\/\/www.pakamera.pl\/magazyn\/czym-jest-i-jak-wyglada-czarny-bursztyn\/"},"wordCount":897,"publisher":{"@id":"https:\/\/www.pakamera.pl\/magazyn\/#organization"},"keywords":["bursztyn czarny","kolczyki z bursztynem ba\u0142tyckim","korale bursztynowe"],"articleSection":["Moda"],"inLanguage":"pl-PL"},{"@type":"WebPage","@id":"https:\/\/www.pakamera.pl\/magazyn\/czym-jest-i-jak-wyglada-czarny-bursztyn\/","url":"https:\/\/www.pakamera.pl\/magazyn\/czym-jest-i-jak-wyglada-czarny-bursztyn\/","name":"Czym jest i jak wygl\u0105da czarny bursztyn? - Magazyn Pakamera.pl","isPartOf":{"@id":"https:\/\/www.pakamera.pl\/magazyn\/#website"},"datePublished":"2024-04-27T11:15:59+00:00","dateModified":"2024-04-24T11:32:08+00:00","description":"Zastanawiasz si\u0119 jak wygl\u0105da czarny bursztyn? Zobacz wyroby z t\u0105 pi\u0119kn\u0105 odmian\u0105 tworzone przez polskich artyst\u00f3w.","breadcrumb":{"@id":"https:\/\/www.pakamera.pl\/magazyn\/czym-jest-i-jak-wyglada-czarny-bursztyn\/#breadcrumb"},"inLanguage":"pl-PL","potentialAction":[{"@type":"ReadAction","target":["https:\/\/www.pakamera.pl\/magazyn\/czym-jest-i-jak-wyglada-czarny-bursztyn\/"]}]},{"@type":"BreadcrumbList","@id":"https:\/\/www.pakamera.pl\/magazyn\/czym-jest-i-jak-wyglada-czarny-bursztyn\/#breadcrumb","itemListElement":[{"@type":"ListItem","position":1,"name":"Magazyn","item":"https:\/\/www.pakamera.pl\/magazyn\/"},{"@type":"ListItem","position":2,"name":"Moda","item":"https:\/\/www.pakamera.pl\/magazyn\/category\/moda\/"},{"@type":"ListItem","position":3,"name":"Czym jest i jak wygl\u0105da czarny bursztyn?"}]},{"@type":"WebSite","@id":"https:\/\/www.pakamera.pl\/magazyn\/#website","url":"https:\/\/www.pakamera.pl\/magazyn\/","name":"Magazyn Pakamera.pl","description":"Sprawd\u017a najgor\u0119tsze tematy sezonu!","publisher":{"@id":"https:\/\/www.pakamera.pl\/magazyn\/#organization"},"potentialAction":[{"@type":"SearchAction","target":{"@type":"EntryPoint","urlTemplate":"https:\/\/www.pakamera.pl\/magazyn\/?s={search_term_string}"},"query-input":"required name=search_term_string"}],"inLanguage":"pl-PL"},{"@type":"Organization","@id":"https:\/\/www.pakamera.pl\/magazyn\/#organization","name":"Pakamera.pl","url":"https:\/\/www.pakamera.pl\/magazyn\/","logo":{"@type":"ImageObject","inLanguage":"pl-PL","@id":"https:\/\/www.pakamera.pl\/magazyn\/#\/schema\/logo\/image\/","url":"https:\/\/imgmag.pakamera.net\/2023\/11\/153455466619.png","contentUrl":"https:\/\/imgmag.pakamera.net\/2023\/11\/153455466619.png","width":690,"height":140,"caption":"Pakamera.pl"},"image":{"@id":"https:\/\/www.pakamera.pl\/magazyn\/#\/schema\/logo\/image\/"},"sameAs":["https:\/\/facebook.com\/pakamerapl","https:\/\/www.instagram.com\/pakamera\/"]},{"@type":"Person","@id":"https:\/\/www.pakamera.pl\/magazyn\/#\/schema\/person\/375940ab821c5af50e1e31f1ec5282b5","name":"Magda Strzelecka","description":"Magda to nasza stylistka, kt\u00f3ra od ponad 10 lat \u015bci\u015ble zwi\u0105zana jest z mod\u0105. Uwielbia \u015bledzi\u0107 \u015bwiatowe trendy i przek\u0142ada\u0107 je na rynek polski. Kocha dobre sk\u0142ady ubra\u0144, wyj\u0105tkow\u0105 bi\u017cuteri\u0119 i dodatki kt\u00f3re o\u017cywi\u0105 ka\u017cd\u0105 stylizacj\u0119."}]}},"_links":{"self":[{"href":"https:\/\/www.pakamera.pl\/magazyn\/wp-json\/wp\/v2\/posts\/10513","targetHints":{"allow":["GET"]}}],"collection":[{"href":"https:\/\/www.pakamera.pl\/magazyn\/wp-json\/wp\/v2\/posts"}],"about":[{"href":"https:\/\/www.pakamera.pl\/magazyn\/wp-json\/wp\/v2\/types\/post"}],"author":[{"embeddable":true,"href":"https:\/\/www.pakamera.pl\/magazyn\/wp-json\/wp\/v2\/users\/16"}],"replies":[{"embeddable":true,"href":"https:\/\/www.pakamera.pl\/magazyn\/wp-json\/wp\/v2\/comments?post=10513"}],"version-history":[{"count":2,"href":"https:\/\/www.pakamera.pl\/magazyn\/wp-json\/wp\/v2\/posts\/10513\/revisions"}],"predecessor-version":[{"id":10517,"href":"https:\/\/www.pakamera.pl\/magazyn\/wp-json\/wp\/v2\/posts\/10513\/revisions\/10517"}],"wp:featuredmedia":[{"embeddable":true,"href":"https:\/\/www.pakamera.pl\/magazyn\/wp-json\/wp\/v2\/media\/10515"}],"wp:attachment":[{"href":"https:\/\/www.pakamera.pl\/magazyn\/wp-json\/wp\/v2\/media?parent=10513"}],"wp:term":[{"taxonomy":"category","embeddable":true,"href":"https:\/\/www.pakamera.pl\/magazyn\/wp-json\/wp\/v2\/categories?post=10513"},{"taxonomy":"post_tag","embeddable":true,"href":"https:\/\/www.pakamera.pl\/magazyn\/wp-json\/wp\/v2\/tags?post=10513"}],"curies":[{"name":"wp","href":"https:\/\/api.w.org\/{rel}","templated":true}]}}