{"id":10400,"date":"2024-04-14T12:32:05","date_gmt":"2024-04-14T10:32:05","guid":{"rendered":"https:\/\/www.pakamera.pl\/magazyn\/?p=10400"},"modified":"2024-04-12T09:47:18","modified_gmt":"2024-04-12T07:47:18","slug":"jak-dobrac-kopertowke-do-codziennej-stylizacji","status":"publish","type":"post","link":"https:\/\/www.pakamera.pl\/magazyn\/jak-dobrac-kopertowke-do-codziennej-stylizacji\/","title":{"rendered":"Jak dobra\u0107 kopert\u00f3wk\u0119 do codziennej stylizacji?"},"content":{"rendered":"<p><strong>Kopert\u00f3wk\u0119 w uniwersalnym kolorze powinna mie\u0107 w swojej szafie ka\u017cda kobieta. Jest idealnym dope\u0142nieniem eleganckich, klasycznych stylizacji, ale mo\u017cna te\u017c nosi\u0107 j\u0105 do stroj\u00f3w casualowych. Jak wybra\u0107 kopert\u00f3wk\u0119 na co dzie\u0144?<\/strong><\/p>\n<p><!--more--><\/p>\n<figure id=\"attachment_10402\" aria-describedby=\"caption-attachment-10402\" style=\"width: 1600px\" class=\"wp-caption alignnone\"><img loading=\"lazy\" decoding=\"async\" class=\"wp-image-10402 size-full\" src=\"https:\/\/imgmag.pakamera.net\/2024\/04\/jak-dobrac-kopertowke-do-codziennej-stylizacji-123234719222.jpg\" alt=\"Jak dobra\u0107 kopert\u00f3wk\u0119 do codziennej stylizacji?\" width=\"1600\" height=\"840\" \/><figcaption id=\"caption-attachment-10402\" class=\"wp-caption-text\">Rota &#8211; sk\u00f3rzana du\u017ca kopert\u00f3wka \/ Lava Flow \/ www.pakamera.pl<\/figcaption><\/figure>\n<h2>Kluczowe kryteria wyboru kopert\u00f3wki do codziennego u\u017cytku<\/h2>\n<p>Kopert\u00f3wka do codziennych stylizacji r\u00f3\u017cni si\u0119 od tej, kt\u00f3r\u0105 wybieramy na wieczorne wyj\u015bcie. Eleganckie modele s\u0105 przede wszystkim o wiele mniejsze, podczas gdy za\u0142atwiaj\u0105c sprawy na mie\u015bcie lub id\u0105c do pracy, musimy zabra\u0107 ze sob\u0105 znacznie wi\u0119cej niezb\u0119dnych drobiazg\u00f3w. <strong>Kluczowe kryteria doboru tego codziennego dodatku powinny uwzgl\u0119dnia\u0107<\/strong>:<\/p>\n<ul>\n<li><strong>wymiary<\/strong> &#8211; standardowe to oko\u0142o 18 cm wysoko\u015bci i 25 cm szeroko\u015bci,<\/li>\n<li><strong>kr\u00f3j<\/strong> &#8211; fantazyjny doda naszym stylizacjom charakteru,<\/li>\n<li><strong>kolor<\/strong> &#8211; stonowany albo nietypowy, w zale\u017cno\u015bci od tego, co nosimy na co dzie\u0144,<\/li>\n<li><strong>materia\u0142<\/strong>, z kt\u00f3rego wykonana jest torebka.<\/li>\n<\/ul>\n<p>Kieruj\u0105c si\u0119 nimi, z \u0142atwo\u015bci\u0105 znajdziemy model, kt\u00f3ry b\u0119dzie nam towarzyszy\u0142 ka\u017cdego dnia.<\/p>\n<div id=\"pakawidget1238\" class=\"pakawidget\"><\/div>\n<p><script async defer src=\"https:\/\/www.pakamera.pl\/widget\/widget2.min.js?id=1238&#038;type=20240411125254&#038;wwidth=1000\"><\/script><\/p>\n<h2>Jak dopasowa\u0107 kolor i materia\u0142 kopert\u00f3wki do codziennej garderoby?<\/h2>\n<p>Kolor torebki, jak\u0105 nosimy na co dzie\u0144, zale\u017cy w du\u017cej mierze od kolorystyki naszej garderoby. <strong>Podstawowa zasada m\u00f3wi, \u017ce akcesorium powinno by\u0107 uzupe\u0142nieniem stylizacji, dlatego musi pasowa\u0107 do ca\u0142o\u015bci<\/strong>. Mo\u017ce by\u0107<strong> w takim samym kolorze jak buty, apaszka czy p\u0142aszcz<\/strong>. Zanim wybierzemy si\u0119 na zakupy, oce\u0144my, jaka kopert\u00f3wka b\u0119dzie dobrze komponowa\u0142a si\u0119 z naszymi codziennymi ubiorami.<\/p>\n<p>Nie bez znaczenia jest te\u017c materia\u0142, kt\u00f3ry zale\u017cy od stylu, jaki preferujemy. <strong>Eleganckie stylizacje wymagaj\u0105 kopert\u00f3wki sk\u00f3rzanej albo zamszowej, podczas gdy casualowe uzupe\u0142nimy torebk\u0105 wykonan\u0105 z tworzywa sztucznego, a nawet pluszu<\/strong>.<\/p>\n<h2>Top 5 uniwersalnych modeli kopert\u00f3wek na ka\u017cdy dzie\u0144<\/h2>\n<figure id=\"attachment_10403\" aria-describedby=\"caption-attachment-10403\" style=\"width: 1600px\" class=\"wp-caption alignnone\"><img loading=\"lazy\" decoding=\"async\" class=\"wp-image-10403 size-full\" src=\"https:\/\/imgmag.pakamera.net\/2024\/04\/jak-dobrac-kopertowke-do-codziennej-stylizacji-123235673781.jpg\" alt=\"czarna sk\u00f3rzana kopert\u00f3wka idealna do codziennych stylizacji \" width=\"1600\" height=\"840\" \/><figcaption id=\"caption-attachment-10403\" class=\"wp-caption-text\">Czarna sk\u00f3rzana kopert\u00f3wka z odpinanym paskiem \/ NASHE<\/figcaption><\/figure>\n<p><a href=\"https:\/\/www.pakamera.pl\/kopertowki-0-1877.htm\" target=\"_blank\" rel=\"noopener\">Kopert\u00f3wka<\/a> na co dzie\u0144 powinna by\u0107 przede wszystkim <strong>praktyczna, a zatem pojemna<\/strong>. Male\u0144kie modele prezentuj\u0105 si\u0119 efektownie, ale nie b\u0119d\u0105 najlepszym wyborem dla aktywnych kobiet. Oto 5 uniwersalnych modeli, kt\u00f3re pasuj\u0105 si\u0119 wi\u0119kszo\u015bci stylizacji casualowych:<\/p>\n<ul>\n<li><strong>klasyczna, czarna kopert\u00f3wka na z\u0142otym lub srebrnym \u0142a\u0144cuszku<\/strong> (sprawdzi si\u0119 te\u017c jako <a href=\"https:\/\/www.pakamera.pl\/magazyn\/jak-wybrac-kopertowke-na-wieczorne-wyjscie\/\" target=\"_blank\" rel=\"noopener\">kopert\u00f3wka na wieczorne wyj\u015bcie<\/a>),<\/li>\n<li><strong>prosta, szara kopert\u00f3wka z paskiem<\/strong> w tym samym kolorze,<\/li>\n<li><strong>lniana torebka z biglem<\/strong>,<\/li>\n<li>kopert\u00f3wka <strong>sk\u00f3rzana z cekinami<\/strong>,<\/li>\n<li>prosta, <strong>elegancka kopert\u00f3wka w kolorze \u015bmietankowym<\/strong>.<\/li>\n<\/ul>\n<h2>Praktyczne porady &#8211; jak przechowywa\u0107 i dba\u0107 o kopert\u00f3wk\u0119?<\/h2>\n<div id=\"pakawidget1240\" class=\"pakawidget\"><\/div>\n<p><script async defer src=\"https:\/\/www.pakamera.pl\/widget\/widget2.min.js?id=1240&#038;type=20240411125800&#038;wwidth=1000\"><\/script><br \/>\nW miejscu, w kt\u00f3rym przechowujemy torebki, powinno by\u0107 <strong>ciemno i sucho<\/strong>. <a href=\"https:\/\/www.pakamera.pl\/torebki-do-reki-0-2009.htm\" target=\"_blank\" rel=\"noopener\">Torebki do r\u0119ki<\/a> najcz\u0119\u015bciej wyposa\u017cone s\u0105 w dodatkowy \u0142a\u0144cuszek, dzi\u0119ki kt\u00f3remu <strong>mo\u017cna je powiesi\u0107 w szafie na specjalnych haczykach<\/strong>. <strong>Nie zawieszamy jednej torebki na drug\u0105<\/strong>, zw\u0142aszcza je\u015bli wyposa\u017cone s\u0105 w metalowe elementy, kt\u00f3re mog\u0142yby uszkodzi\u0107 materia\u0142.<\/p>\n<p>Dobrym rozwi\u0105zaniem b\u0119d\u0105 tak\u017ce <strong>pokrowce na akcesoria &#8211; warto w nich przechowywa\u0107 zw\u0142aszcza modele wykonane z delikatniejszych tworzyw<\/strong>.<\/p>\n<p>Ewentualne<strong> zabrudzenia usuwamy za pomoc\u0105 lekko zwil\u017conej \u015bciereczki<\/strong>, natomiast wi\u0119kszych plam pozb\u0119dziemy si\u0119, u\u017cywaj\u0105c specjalistycznych \u015brodk\u00f3w czyszcz\u0105cych. Musz\u0105 by\u0107 one dedykowane materia\u0142owi, z kt\u00f3rego wykonana jest kopert\u00f3wka. <strong>Torebek nie pierzemy, nie czy\u015bcimy ich r\u00f3wnie\u017c popularnymi detergentami<\/strong>, kt\u00f3re mog\u0142yby uszkodzi\u0107 struktur\u0119.<\/p>\n<h2>Inspiracje stylizacyjne: kopert\u00f3wki w codziennych outfitach<\/h2>\n<p>Do jakich stylizacji pasuj\u0105 kopert\u00f3wki? Wbrew pozorom sprawdz\u0105 si\u0119 one nie tylko tam, gdzie kr\u00f3luje styl casual business look. Wr\u0119cz przeciwnie &#8211; wiele kobiet nosi je nawet do stroj\u00f3w z elementami sportowymi. Z czym mo\u017cna po\u0142\u0105czy\u0107 kopert\u00f3wk\u0119? Oto najciekawsze propozycje:<\/p>\n<ul>\n<li><strong>o\u0142\u00f3wkowa sp\u00f3dnica, jasnoniebieska koszula i marynarka<\/strong> &#8211; do takiej stylizacji \u015bwietnie pasuje <strong>klasyczna, czarna albo \u015bmietankowa kopert\u00f3wka<\/strong>,<\/li>\n<li><strong>spodnie chinos, jednobarwny t-shirt, sportowa marynarka<\/strong> &#8211; dodatkiem b\u0119dzie tutaj <strong>prosta, szara, pojemna kopert\u00f3wka<\/strong>,<\/li>\n<li><strong>spodnie dresowe \u00be, t-shirt, bluza typu college<\/strong> &#8211; do tego zestawu dobieramy <strong>kopert\u00f3wk\u0119 w wi\u0119kszym rozmiarze, jednokolorow\u0105<\/strong>,<\/li>\n<li><strong>letnia sukienka w kwiaty, sanda\u0142y b\u0105d\u017a klapki<\/strong> &#8211; do takiego lekkiego stroju \u015bwietnie pasuje <strong>lniana kopert\u00f3wka<\/strong>,<\/li>\n<li><strong>jeansy, crop top i koszula oversize<\/strong> &#8211; dobierzemy do nich <strong>kopert\u00f3wk\u0119 z cekinami<\/strong>, kt\u00f3ra o\u017cywi stylizacj\u0119.<\/li>\n<\/ul>\n<h2>Kopert\u00f3wka a okazje &#8211; kiedy warto j\u0105 nosi\u0107?<\/h2>\n<p>Zastanawiaj\u0105c si\u0119, <a href=\"https:\/\/www.pakamera.pl\/magazyn\/jaka-torebke-wziac-do-teatru\/\" target=\"_blank\" rel=\"noopener\">jaka torebka do teatru<\/a> b\u0119dzie odpowiednia albo jaki dodatek wybra\u0107, udaj\u0105c si\u0119 na eleganck\u0105 kolacj\u0119, do g\u0142owy przychodzi nam przede wszystkim kopert\u00f3wka. Tego typu akcesorium kojarzymy z oficjalnymi wyj\u015bciami, podczas kt\u00f3rych musimy wygl\u0105da\u0107 w pe\u0142ni profesjonalnie.<\/p>\n<p>Niemniej jednak kobiety na ca\u0142ym \u015bwiecie <strong>pokocha\u0142y kopert\u00f3wki do tego stopnia, \u017ce ch\u0119tnie nosz\u0105 je r\u00f3wnie\u017c na co dzie\u0144<\/strong>. Doskonale sprawdz\u0105 si\u0119 <strong>w pracy, zw\u0142aszcza je\u015bli stawiamy na casualowe stroje prze\u0142amane eleganckimi dodatkami<\/strong>, takimi jak szpilki. Tradycyjn\u0105 listonoszk\u0119 albo shopperk\u0119 zamie\u0144my na kopert\u00f3wk\u0119, <strong>gdy wybieramy si\u0119 na miasto albo na spotkanie w gronie przyjaci\u00f3\u0142<\/strong>.<\/p>\n<p>Tego typu dodatek nadaje elegancji i szyku, nawet je\u015bli stylizacja utrzymana jest w lu\u017aniejszym tonie. Wybierzmy j\u0105, <strong>gdy chcemy wyr\u00f3\u017cni\u0107 si\u0119 z t\u0142umu, a jednocze\u015bnie nie zabieramy ze sob\u0105 na wyj\u015bcie zbyt wielu rzeczy<\/strong>. Kopert\u00f3wki to stosunkowo niewielkich rozmiar\u00f3w torebki, zatem pomieszcz\u0105 jedynie takie akcesoria, jak portfel, etui na dokumenty &#8211; b\u0105d\u017a klucze.<\/p>\n<p>Nowoczesne modele kopert\u00f3wek znajdziesz w najnowszych kolekcjach polskich marek w Pakamera.pl.<\/p>\n","protected":false},"excerpt":{"rendered":"<p>Kopert\u00f3wk\u0119 w uniwersalnym kolorze powinna mie\u0107 w swojej szafie ka\u017cda kobieta. Jest idealnym dope\u0142nieniem eleganckich, klasycznych stylizacji, ale mo\u017cna te\u017c nosi\u0107 j\u0105 do stroj\u00f3w casualowych. Jak wybra\u0107 kopert\u00f3wk\u0119 na co<span class=\"more-dots\">&#8230;<\/span><\/p>\n","protected":false},"author":16,"featured_media":10402,"comment_status":"closed","ping_status":"closed","sticky":false,"template":"","format":"standard","meta":{"footnotes":""},"categories":[3],"tags":[2519,1606,144,143],"class_list":["post-10400","post","type-post","status-publish","format-standard","has-post-thumbnail","hentry","category-moda","tag-czyszczenie-torebki","tag-damskie-torebki","tag-kopertowka","tag-torebka-kopertowka"],"yoast_head":"<!-- This site is optimized with the Yoast SEO plugin v21.6 - https:\/\/yoast.com\/wordpress\/plugins\/seo\/ -->\n<title>Jak dobra\u0107 kopert\u00f3wk\u0119 do codziennej stylizacji? - Magazyn Pakamera.pl<\/title>\n<meta name=\"description\" content=\"zastanawiasz si\u0119 jaka kopert\u00f3wka do codziennych stylizacji b\u0119dzie najlepszym wyborem? A mo\u017ce co\u015b od polskich marek? Zobacz sama!\" \/>\n<meta name=\"robots\" content=\"index, follow\" \/>\n<link rel=\"canonical\" href=\"https:\/\/www.pakamera.pl\/magazyn\/jak-dobrac-kopertowke-do-codziennej-stylizacji\/\" \/>\n<meta property=\"og:locale\" content=\"pl_PL\" \/>\n<meta property=\"og:type\" content=\"article\" \/>\n<meta property=\"og:title\" content=\"Jak dobra\u0107 kopert\u00f3wk\u0119 do codziennej stylizacji? - Magazyn Pakamera.pl\" \/>\n<meta property=\"og:description\" content=\"zastanawiasz si\u0119 jaka kopert\u00f3wka do codziennych stylizacji b\u0119dzie najlepszym wyborem? A mo\u017ce co\u015b od polskich marek? Zobacz sama!\" \/>\n<meta property=\"og:url\" content=\"https:\/\/www.pakamera.pl\/magazyn\/jak-dobrac-kopertowke-do-codziennej-stylizacji\/\" \/>\n<meta property=\"og:site_name\" content=\"Magazyn Pakamera.pl\" \/>\n<meta property=\"article:publisher\" content=\"https:\/\/facebook.com\/pakamerapl\" \/>\n<meta property=\"article:published_time\" content=\"2024-04-14T10:32:05+00:00\" \/>\n<meta property=\"article:modified_time\" content=\"2024-04-12T07:47:18+00:00\" \/>\n<meta property=\"og:image\" content=\"https:\/\/imgmag.pakamera.net\/2024\/04\/jak-dobrac-kopertowke-do-codziennej-stylizacji-123234719222.jpg\" \/>\n\t<meta property=\"og:image:width\" content=\"1600\" \/>\n\t<meta property=\"og:image:height\" content=\"840\" \/>\n\t<meta property=\"og:image:type\" content=\"image\/jpeg\" \/>\n<meta name=\"author\" content=\"Magda Strzelecka\" \/>\n<meta name=\"twitter:card\" content=\"summary_large_image\" \/>\n<meta name=\"twitter:label1\" content=\"Napisane przez\" \/>\n\t<meta name=\"twitter:data1\" content=\"Magda Strzelecka\" \/>\n\t<meta name=\"twitter:label2\" content=\"Szacowany czas czytania\" \/>\n\t<meta name=\"twitter:data2\" content=\"5 minut\" \/>\n<script type=\"application\/ld+json\" class=\"yoast-schema-graph\">{\"@context\":\"https:\/\/schema.org\",\"@graph\":[{\"@type\":\"Article\",\"@id\":\"https:\/\/www.pakamera.pl\/magazyn\/jak-dobrac-kopertowke-do-codziennej-stylizacji\/#article\",\"isPartOf\":{\"@id\":\"https:\/\/www.pakamera.pl\/magazyn\/jak-dobrac-kopertowke-do-codziennej-stylizacji\/\"},\"author\":{\"name\":\"Magda Strzelecka\",\"@id\":\"https:\/\/www.pakamera.pl\/magazyn\/#\/schema\/person\/375940ab821c5af50e1e31f1ec5282b5\"},\"headline\":\"Jak dobra\u0107 kopert\u00f3wk\u0119 do codziennej stylizacji?\",\"datePublished\":\"2024-04-14T10:32:05+00:00\",\"dateModified\":\"2024-04-12T07:47:18+00:00\",\"mainEntityOfPage\":{\"@id\":\"https:\/\/www.pakamera.pl\/magazyn\/jak-dobrac-kopertowke-do-codziennej-stylizacji\/\"},\"wordCount\":908,\"publisher\":{\"@id\":\"https:\/\/www.pakamera.pl\/magazyn\/#organization\"},\"keywords\":[\"czyszczenie torebki\",\"damskie torebki\",\"kopert\u00f3wka\",\"torebka kopert\u00f3wka\"],\"articleSection\":[\"Moda\"],\"inLanguage\":\"pl-PL\"},{\"@type\":\"WebPage\",\"@id\":\"https:\/\/www.pakamera.pl\/magazyn\/jak-dobrac-kopertowke-do-codziennej-stylizacji\/\",\"url\":\"https:\/\/www.pakamera.pl\/magazyn\/jak-dobrac-kopertowke-do-codziennej-stylizacji\/\",\"name\":\"Jak dobra\u0107 kopert\u00f3wk\u0119 do codziennej stylizacji? - Magazyn Pakamera.pl\",\"isPartOf\":{\"@id\":\"https:\/\/www.pakamera.pl\/magazyn\/#website\"},\"datePublished\":\"2024-04-14T10:32:05+00:00\",\"dateModified\":\"2024-04-12T07:47:18+00:00\",\"description\":\"zastanawiasz si\u0119 jaka kopert\u00f3wka do codziennych stylizacji b\u0119dzie najlepszym wyborem? A mo\u017ce co\u015b od polskich marek? Zobacz sama!\",\"breadcrumb\":{\"@id\":\"https:\/\/www.pakamera.pl\/magazyn\/jak-dobrac-kopertowke-do-codziennej-stylizacji\/#breadcrumb\"},\"inLanguage\":\"pl-PL\",\"potentialAction\":[{\"@type\":\"ReadAction\",\"target\":[\"https:\/\/www.pakamera.pl\/magazyn\/jak-dobrac-kopertowke-do-codziennej-stylizacji\/\"]}]},{\"@type\":\"BreadcrumbList\",\"@id\":\"https:\/\/www.pakamera.pl\/magazyn\/jak-dobrac-kopertowke-do-codziennej-stylizacji\/#breadcrumb\",\"itemListElement\":[{\"@type\":\"ListItem\",\"position\":1,\"name\":\"Magazyn\",\"item\":\"https:\/\/www.pakamera.pl\/magazyn\/\"},{\"@type\":\"ListItem\",\"position\":2,\"name\":\"Moda\",\"item\":\"https:\/\/www.pakamera.pl\/magazyn\/category\/moda\/\"},{\"@type\":\"ListItem\",\"position\":3,\"name\":\"Jak dobra\u0107 kopert\u00f3wk\u0119 do codziennej stylizacji?\"}]},{\"@type\":\"WebSite\",\"@id\":\"https:\/\/www.pakamera.pl\/magazyn\/#website\",\"url\":\"https:\/\/www.pakamera.pl\/magazyn\/\",\"name\":\"Magazyn Pakamera.pl\",\"description\":\"Sprawd\u017a najgor\u0119tsze tematy sezonu!\",\"publisher\":{\"@id\":\"https:\/\/www.pakamera.pl\/magazyn\/#organization\"},\"potentialAction\":[{\"@type\":\"SearchAction\",\"target\":{\"@type\":\"EntryPoint\",\"urlTemplate\":\"https:\/\/www.pakamera.pl\/magazyn\/?s={search_term_string}\"},\"query-input\":\"required name=search_term_string\"}],\"inLanguage\":\"pl-PL\"},{\"@type\":\"Organization\",\"@id\":\"https:\/\/www.pakamera.pl\/magazyn\/#organization\",\"name\":\"Pakamera.pl\",\"url\":\"https:\/\/www.pakamera.pl\/magazyn\/\",\"logo\":{\"@type\":\"ImageObject\",\"inLanguage\":\"pl-PL\",\"@id\":\"https:\/\/www.pakamera.pl\/magazyn\/#\/schema\/logo\/image\/\",\"url\":\"https:\/\/imgmag.pakamera.net\/2023\/11\/153455466619.png\",\"contentUrl\":\"https:\/\/imgmag.pakamera.net\/2023\/11\/153455466619.png\",\"width\":690,\"height\":140,\"caption\":\"Pakamera.pl\"},\"image\":{\"@id\":\"https:\/\/www.pakamera.pl\/magazyn\/#\/schema\/logo\/image\/\"},\"sameAs\":[\"https:\/\/facebook.com\/pakamerapl\",\"https:\/\/www.instagram.com\/pakamera\/\"]},{\"@type\":\"Person\",\"@id\":\"https:\/\/www.pakamera.pl\/magazyn\/#\/schema\/person\/375940ab821c5af50e1e31f1ec5282b5\",\"name\":\"Magda Strzelecka\",\"description\":\"Magda to nasza stylistka, kt\u00f3ra od ponad 10 lat \u015bci\u015ble zwi\u0105zana jest z mod\u0105. Uwielbia \u015bledzi\u0107 \u015bwiatowe trendy i przek\u0142ada\u0107 je na rynek polski. Kocha dobre sk\u0142ady ubra\u0144, wyj\u0105tkow\u0105 bi\u017cuteri\u0119 i dodatki kt\u00f3re o\u017cywi\u0105 ka\u017cd\u0105 stylizacj\u0119.\"}]}<\/script>\n<!-- \/ Yoast SEO plugin. -->","yoast_head_json":{"title":"Jak dobra\u0107 kopert\u00f3wk\u0119 do codziennej stylizacji? - Magazyn Pakamera.pl","description":"zastanawiasz si\u0119 jaka kopert\u00f3wka do codziennych stylizacji b\u0119dzie najlepszym wyborem? A mo\u017ce co\u015b od polskich marek? Zobacz sama!","robots":{"index":"index","follow":"follow"},"canonical":"https:\/\/www.pakamera.pl\/magazyn\/jak-dobrac-kopertowke-do-codziennej-stylizacji\/","og_locale":"pl_PL","og_type":"article","og_title":"Jak dobra\u0107 kopert\u00f3wk\u0119 do codziennej stylizacji? - Magazyn Pakamera.pl","og_description":"zastanawiasz si\u0119 jaka kopert\u00f3wka do codziennych stylizacji b\u0119dzie najlepszym wyborem? A mo\u017ce co\u015b od polskich marek? Zobacz sama!","og_url":"https:\/\/www.pakamera.pl\/magazyn\/jak-dobrac-kopertowke-do-codziennej-stylizacji\/","og_site_name":"Magazyn Pakamera.pl","article_publisher":"https:\/\/facebook.com\/pakamerapl","article_published_time":"2024-04-14T10:32:05+00:00","article_modified_time":"2024-04-12T07:47:18+00:00","og_image":[{"width":1600,"height":840,"url":"https:\/\/imgmag.pakamera.net\/2024\/04\/jak-dobrac-kopertowke-do-codziennej-stylizacji-123234719222.jpg","type":"image\/jpeg"}],"author":"Magda Strzelecka","twitter_card":"summary_large_image","twitter_misc":{"Napisane przez":"Magda Strzelecka","Szacowany czas czytania":"5 minut"},"schema":{"@context":"https:\/\/schema.org","@graph":[{"@type":"Article","@id":"https:\/\/www.pakamera.pl\/magazyn\/jak-dobrac-kopertowke-do-codziennej-stylizacji\/#article","isPartOf":{"@id":"https:\/\/www.pakamera.pl\/magazyn\/jak-dobrac-kopertowke-do-codziennej-stylizacji\/"},"author":{"name":"Magda Strzelecka","@id":"https:\/\/www.pakamera.pl\/magazyn\/#\/schema\/person\/375940ab821c5af50e1e31f1ec5282b5"},"headline":"Jak dobra\u0107 kopert\u00f3wk\u0119 do codziennej stylizacji?","datePublished":"2024-04-14T10:32:05+00:00","dateModified":"2024-04-12T07:47:18+00:00","mainEntityOfPage":{"@id":"https:\/\/www.pakamera.pl\/magazyn\/jak-dobrac-kopertowke-do-codziennej-stylizacji\/"},"wordCount":908,"publisher":{"@id":"https:\/\/www.pakamera.pl\/magazyn\/#organization"},"keywords":["czyszczenie torebki","damskie torebki","kopert\u00f3wka","torebka kopert\u00f3wka"],"articleSection":["Moda"],"inLanguage":"pl-PL"},{"@type":"WebPage","@id":"https:\/\/www.pakamera.pl\/magazyn\/jak-dobrac-kopertowke-do-codziennej-stylizacji\/","url":"https:\/\/www.pakamera.pl\/magazyn\/jak-dobrac-kopertowke-do-codziennej-stylizacji\/","name":"Jak dobra\u0107 kopert\u00f3wk\u0119 do codziennej stylizacji? - Magazyn Pakamera.pl","isPartOf":{"@id":"https:\/\/www.pakamera.pl\/magazyn\/#website"},"datePublished":"2024-04-14T10:32:05+00:00","dateModified":"2024-04-12T07:47:18+00:00","description":"zastanawiasz si\u0119 jaka kopert\u00f3wka do codziennych stylizacji b\u0119dzie najlepszym wyborem? A mo\u017ce co\u015b od polskich marek? Zobacz sama!","breadcrumb":{"@id":"https:\/\/www.pakamera.pl\/magazyn\/jak-dobrac-kopertowke-do-codziennej-stylizacji\/#breadcrumb"},"inLanguage":"pl-PL","potentialAction":[{"@type":"ReadAction","target":["https:\/\/www.pakamera.pl\/magazyn\/jak-dobrac-kopertowke-do-codziennej-stylizacji\/"]}]},{"@type":"BreadcrumbList","@id":"https:\/\/www.pakamera.pl\/magazyn\/jak-dobrac-kopertowke-do-codziennej-stylizacji\/#breadcrumb","itemListElement":[{"@type":"ListItem","position":1,"name":"Magazyn","item":"https:\/\/www.pakamera.pl\/magazyn\/"},{"@type":"ListItem","position":2,"name":"Moda","item":"https:\/\/www.pakamera.pl\/magazyn\/category\/moda\/"},{"@type":"ListItem","position":3,"name":"Jak dobra\u0107 kopert\u00f3wk\u0119 do codziennej stylizacji?"}]},{"@type":"WebSite","@id":"https:\/\/www.pakamera.pl\/magazyn\/#website","url":"https:\/\/www.pakamera.pl\/magazyn\/","name":"Magazyn Pakamera.pl","description":"Sprawd\u017a najgor\u0119tsze tematy sezonu!","publisher":{"@id":"https:\/\/www.pakamera.pl\/magazyn\/#organization"},"potentialAction":[{"@type":"SearchAction","target":{"@type":"EntryPoint","urlTemplate":"https:\/\/www.pakamera.pl\/magazyn\/?s={search_term_string}"},"query-input":"required name=search_term_string"}],"inLanguage":"pl-PL"},{"@type":"Organization","@id":"https:\/\/www.pakamera.pl\/magazyn\/#organization","name":"Pakamera.pl","url":"https:\/\/www.pakamera.pl\/magazyn\/","logo":{"@type":"ImageObject","inLanguage":"pl-PL","@id":"https:\/\/www.pakamera.pl\/magazyn\/#\/schema\/logo\/image\/","url":"https:\/\/imgmag.pakamera.net\/2023\/11\/153455466619.png","contentUrl":"https:\/\/imgmag.pakamera.net\/2023\/11\/153455466619.png","width":690,"height":140,"caption":"Pakamera.pl"},"image":{"@id":"https:\/\/www.pakamera.pl\/magazyn\/#\/schema\/logo\/image\/"},"sameAs":["https:\/\/facebook.com\/pakamerapl","https:\/\/www.instagram.com\/pakamera\/"]},{"@type":"Person","@id":"https:\/\/www.pakamera.pl\/magazyn\/#\/schema\/person\/375940ab821c5af50e1e31f1ec5282b5","name":"Magda Strzelecka","description":"Magda to nasza stylistka, kt\u00f3ra od ponad 10 lat \u015bci\u015ble zwi\u0105zana jest z mod\u0105. Uwielbia \u015bledzi\u0107 \u015bwiatowe trendy i przek\u0142ada\u0107 je na rynek polski. Kocha dobre sk\u0142ady ubra\u0144, wyj\u0105tkow\u0105 bi\u017cuteri\u0119 i dodatki kt\u00f3re o\u017cywi\u0105 ka\u017cd\u0105 stylizacj\u0119."}]}},"_links":{"self":[{"href":"https:\/\/www.pakamera.pl\/magazyn\/wp-json\/wp\/v2\/posts\/10400","targetHints":{"allow":["GET"]}}],"collection":[{"href":"https:\/\/www.pakamera.pl\/magazyn\/wp-json\/wp\/v2\/posts"}],"about":[{"href":"https:\/\/www.pakamera.pl\/magazyn\/wp-json\/wp\/v2\/types\/post"}],"author":[{"embeddable":true,"href":"https:\/\/www.pakamera.pl\/magazyn\/wp-json\/wp\/v2\/users\/16"}],"replies":[{"embeddable":true,"href":"https:\/\/www.pakamera.pl\/magazyn\/wp-json\/wp\/v2\/comments?post=10400"}],"version-history":[{"count":2,"href":"https:\/\/www.pakamera.pl\/magazyn\/wp-json\/wp\/v2\/posts\/10400\/revisions"}],"predecessor-version":[{"id":10404,"href":"https:\/\/www.pakamera.pl\/magazyn\/wp-json\/wp\/v2\/posts\/10400\/revisions\/10404"}],"wp:featuredmedia":[{"embeddable":true,"href":"https:\/\/www.pakamera.pl\/magazyn\/wp-json\/wp\/v2\/media\/10402"}],"wp:attachment":[{"href":"https:\/\/www.pakamera.pl\/magazyn\/wp-json\/wp\/v2\/media?parent=10400"}],"wp:term":[{"taxonomy":"category","embeddable":true,"href":"https:\/\/www.pakamera.pl\/magazyn\/wp-json\/wp\/v2\/categories?post=10400"},{"taxonomy":"post_tag","embeddable":true,"href":"https:\/\/www.pakamera.pl\/magazyn\/wp-json\/wp\/v2\/tags?post=10400"}],"curies":[{"name":"wp","href":"https:\/\/api.w.org\/{rel}","templated":true}]}}