{"id":10363,"date":"2024-04-07T15:10:19","date_gmt":"2024-04-07T13:10:19","guid":{"rendered":"https:\/\/www.pakamera.pl\/magazyn\/?p=10363"},"modified":"2025-03-03T15:45:41","modified_gmt":"2025-03-03T14:45:41","slug":"jak-sie-ubrac-na-chrzest-jako-chrzestny","status":"publish","type":"post","link":"https:\/\/www.pakamera.pl\/magazyn\/jak-sie-ubrac-na-chrzest-jako-chrzestny\/","title":{"rendered":"Jak si\u0119 ubra\u0107 na chrzest jako chrzestny?"},"content":{"rendered":"<p><strong>Wchodz\u0105c w rol\u0119 ojca chrzestnego, nale\u017cy zadba\u0107 o odpowiedni\u0105 prezencj\u0119. Dob\u00f3r stroju i dodatk\u00f3w na chrzest i nie mo\u017ce wi\u0119c by\u0107 kwesti\u0105 przypadku. Stylizacja powinna by\u0107 elegancka, sp\u00f3jna, ale te\u017c skromna. Jak si\u0119 ubra\u0107 na chrzest jako chrzestny?<\/strong><\/p>\n<p><!--more--><\/p>\n<figure id=\"attachment_10364\" aria-describedby=\"caption-attachment-10364\" style=\"width: 1600px\" class=\"wp-caption alignnone\"><img loading=\"lazy\" decoding=\"async\" class=\"wp-image-10364 size-full\" src=\"https:\/\/imgmag.pakamera.net\/2024\/04\/jak-sie-ubrac-na-chrzest-jako-chrzestny-161616794857.jpg\" alt=\"Jak si\u0119 ubra\u0107 na chrzest jako chrzestny?\" width=\"1600\" height=\"840\" \/><figcaption id=\"caption-attachment-10364\" class=\"wp-caption-text\">Garnitur m\u0119ski monselice granatowy slim fit \/ BORGIO \/ www.pakamera.pl<\/figcaption><\/figure>\n<h2>Garnitur na chrzest &#8211; jak wybra\u0107 idealny model?<\/h2>\n<p><a href=\"https:\/\/www.pakamera.pl\/moda-meska-0-2056.htm\" target=\"_blank\" rel=\"noopener\">Moda m\u0119ska<\/a>, podobnie jak i damska, lubi zaskakiwa\u0107. Dobrym przyk\u0142adem jest <strong>styl casual business look<\/strong>, kt\u00f3ry \u0142\u0105czy w sobie elementy elegancji oraz te nieco lu\u017aniejsze. Niemniej jednak m\u0119\u017cczy\u017ani, kt\u00f3rzy zostali <strong>wybrani na chrzestnych, powinni wybra\u0107 klasyczny str\u00f3j<\/strong>.<\/p>\n<p>Cho\u0107 czarne spodnie i marynarka to kusz\u0105ce po\u0142\u0105czenie, zdecydowanie <strong>lepszym rozwi\u0105zaniem b\u0119dzie garnitur<\/strong>. Najlepiej sprawdzi si\u0119 <strong>model o prostym kroju, w ciemnym kolorze<\/strong>. Alternatyw\u0105 jest <strong>garnitur w kratk\u0119 albo w ja\u015bniejszych barwach<\/strong> &#8211; takie modele lubi\u0105 zw\u0142aszcza panowie, kt\u00f3rzy ch\u0119tnie bawi\u0105 si\u0119 mod\u0105, poszukuj\u0105c ciekawych outfit\u00f3w.<\/p>\n<h2>Zasady ubioru chrzestnego &#8211; co jest odpowiednie?<\/h2>\n<p>Przed jedn\u0105 z najwa\u017cniejszych uroczysto\u015bci w \u017cyciu dziecka zadajemy sobie nie tylko pytanie, <a href=\"https:\/\/www.pakamera.pl\/magazyn\/co-kupic-na-chrzest-jako-matka-lub-ojciec-chrzestny\/\" target=\"_blank\" rel=\"noopener\">co kupi\u0107 na chrzest jako ojciec chrzestny<\/a>, lecz r\u00f3wnie\u017c co wypada na siebie za\u0142o\u017cy\u0107? Bez wzgl\u0119du na to, jaki styl preferujemy na co dzie\u0144, <strong>w dobrym tonie b\u0119dzie pojawienie si\u0119 na chrzcie w garniturze<\/strong>. Warto dobra\u0107 do niego bia\u0142\u0105 albo jasnoniebiesk\u0105 koszul\u0119, kt\u00f3ra doda elegancji i szyku.<\/p>\n<p><strong>W ch\u0142odniejsze dni jako odzie\u017c wierzchni\u0105 wybieramy klasyczny p\u0142aszcz<\/strong> &#8211; zimowy albo materia\u0142owy, l\u017cejszy, w zale\u017cno\u015bci od pory roku. Je\u015bli chodzi o dodatki, to najlepiej sprawdz\u0105 si\u0119 te klasyczne &#8211; <strong>sk\u00f3rzane paski, spinki do mankiet\u00f3w czy okulary w jednobarwnych oprawkach<\/strong>.<\/p>\n<div id=\"pakawidget1226\" class=\"pakawidget\"><\/div>\n<p><script async defer src=\"https:\/\/www.pakamera.pl\/widget\/widget2.min.js?id=1226&#038;type=20240404163534&#038;wwidth=1000\"><\/script><\/p>\n<h2>Krawat, mucha czy szelki &#8211; co pasuje do ubioru chrzestnego?<\/h2>\n<p>Dodatek w postaci krawata, muchy czy szelek nie jest co prawda konieczny, ale w ciekawy spos\u00f3b uzupe\u0142nia stylizacj\u0119. Zwr\u00f3\u0107my jednak uwag\u0119, do jakich stroj\u00f3w pasuj\u0105 poszczeg\u00f3lne elementy. <strong>Krawat \u015bwietnie wygl\u0105da w prostych stylizacjach<\/strong>, opartych na klasycznie skrojonym garniturze. Kolorystycznie nie powinien znacz\u0105co od niego odbiega\u0107.<\/p>\n<p><strong>Mucha pi\u0119knie prezentuje si\u0119 w bardzo eleganckich stylizacjach<\/strong>, kt\u00f3re wymagaj\u0105 dopracowania w najmniejszym calu. Je\u015bli stawiamy na ciemny garnitur, sk\u00f3rzane obuwie czy pasek do spodni, mucha b\u0119dzie odpowiednim dodatkiem.<\/p>\n<p>Podobnie jak <strong>szelki, kt\u00f3re mo\u017cna r\u00f3wnie\u017c nosi\u0107 do lu\u017aniejszych stroj\u00f3w<\/strong>. Bardzo ciekawie wygl\u0105daj\u0105 <strong>w po\u0142\u0105czeniu z garniturem w krat\u0119<\/strong>, zast\u0119puj\u0105c jednocze\u015bnie ci\u0119\u017cszy w odbiorze pasek.<\/p>\n<div id=\"pakawidget1227\" class=\"pakawidget\"><\/div>\n<p><script async defer src=\"https:\/\/www.pakamera.pl\/widget\/widget2.min.js?id=1227&#038;type=20240404163744&#038;wwidth=1000\"><\/script><\/p>\n<h2>Kolorystyka stroju chrzestnego &#8211; jakie barwy preferowa\u0107?<\/h2>\n<p>Wybieraj\u0105c str\u00f3j na chrzest, zwracamy uwag\u0119 nie tylko na kr\u00f3j, lecz przede wszystkim na kolory. Ze wzgl\u0119du na to, \u017ce uroczysto\u015b\u0107 odbywa si\u0119 w ko\u015bciele, <strong>mile widziane s\u0105 stonowane barwy<\/strong>. Ojciec <strong>chrzestny powinien wyst\u0105pi\u0107 w ciemniejszym stroju<\/strong>. Kolor bia\u0142y czy kremowy tradycyjnie zarezerwowane s\u0105 dla dziecka oraz jego rodzic\u00f3w, cho\u0107 z tego przywileju najcz\u0119\u015bciej korzystaj\u0105 matki.<\/p>\n<p>Jedynym <strong>bia\u0142ym elementem stroju ojca chrzestnego powinna by\u0107 koszula<\/strong>. Je\u015bli nie lubimy granatu ani czerni, wybierzmy odcienie br\u0105zu, ewentualnie jasny garnitur w krat\u0119. <strong>Unikajmy natomiast kolor\u00f3w neonowych, mocno rzucaj\u0105cych si\u0119 w oczy<\/strong>. Kolorystyka zale\u017cy te\u017c od pory roku &#8211; o ile <strong>zim\u0105 kr\u00f3luj\u0105 przede wszystkim ciemne barwy<\/strong>, o tyle <strong>latem stawiamy na ja\u015bniejsze stroje<\/strong>.<\/p>\n<h2>Buty chrzestnego &#8211; jakie modele s\u0105 najodpowiedniejsze?<\/h2>\n<p>Maj\u0105c na uwadze fakt, i\u017c ojciec chrzestny powinien mie\u0107 na sobie garnitur, dobrym rozwi\u0105zaniem b\u0119d\u0105 <strong>wy\u0142\u0105cznie eleganckie buty<\/strong>. Najlepiej sprawdz\u0105 si\u0119 <strong>klasyczne oksfordy, bez zb\u0119dnych zdobie\u0144 i dodatk\u00f3w<\/strong>.<\/p>\n<figure id=\"attachment_10365\" aria-describedby=\"caption-attachment-10365\" style=\"width: 1600px\" class=\"wp-caption alignnone\"><img loading=\"lazy\" decoding=\"async\" class=\"wp-image-10365 size-full\" src=\"https:\/\/imgmag.pakamera.net\/2024\/04\/jak-sie-ubrac-na-chrzest-jako-chrzestny-162820565249.jpg\" alt=\"eleganckie buty na chrzciny dla chrzestnego\" width=\"1600\" height=\"840\" \/><figcaption id=\"caption-attachment-10365\" class=\"wp-caption-text\">Jasnobr\u0105zowe buty m\u0119skie oxfordy sznurowane b002 \/ BORGIO \/ www.pakamera.pl<\/figcaption><\/figure>\n<p>Problem z tymi butami polega na tym, \u017ce polskie sklepy stawiaj\u0105 przede wszystkim na modele typu derby, dlatego znalezienie odpowiednich oksford\u00f3w mo\u017ce stanowi\u0107 wyzwanie. Tymczasem obuwie derby ma charakter casualowy, przez co nie sprawdza si\u0119 w klasycznych, formalnych stylizacjach. Podobnie mokasyny, kt\u00f3re pasuj\u0105 raczej do stylizacji utrzymanych w tonie casual business look.<\/p>\n<p><strong>Eleganckie buty nie musz\u0105 by\u0107 w tym samym kolorze co garnitur<\/strong> &#8211; pi\u0119knie prezentuj\u0105 si\u0119 na przyk\u0142ad modele br\u0105zowe po\u0142\u0105czone z granatowym strojem.<\/p>\n<h2>Personalizacja stylizacji chrzestnego &#8211; ma\u0142e detale, kt\u00f3re maj\u0105 znaczenie<\/h2>\n<p>Dopracowana w ka\u017cdym detalu stylizacja skupia si\u0119 nie tylko na elementach g\u0142\u00f3wnych, ale r\u00f3wnie\u017c na dodatkach. <a href=\"https:\/\/www.pakamera.pl\/\" target=\"_blank\" rel=\"noopener\">Sklep Pakamera<\/a> oferuje r\u00f3\u017cnego rodzaju <strong>akcesoria, kt\u00f3re \u015bwietnie sprawdzaj\u0105 si\u0119 na co dzie\u0144, ale r\u00f3wnie\u017c w czasie wi\u0119kszych wyj\u015b\u0107<\/strong>. Pozwalaj\u0105 spersonalizowa\u0107 stylizacj\u0119, dzi\u0119ki czemu nie musimy rezygnowa\u0107 z tych element\u00f3w, kt\u00f3re lubimy najbardziej.<\/p>\n<p>Doskona\u0142ym wyborem b\u0119dzie <strong>klasyczny, sk\u00f3rzany pasek, kt\u00f3ry dodaje elegancji<\/strong>. Mankiety warto podpi\u0105\u0107 <strong>spinkami<\/strong>, natomiast na nadgarstku powinien pojawi\u0107 si\u0119 <strong>stylowy zegarek albo bransoleta<\/strong>. Nie zapominajmy o skarpetkach &#8211; jednym z cz\u0119\u015bciej ignorowanych sk\u0142adnik\u00f3w udanej stylizacji. Tutaj klasycznie, <strong>najlepiej wypadaj\u0105 d\u0142ugie skarpety garniturowe w stonowanym kolorze<\/strong>. Wszelkiego rodzaju dodatkowe printy, co prawda przykuwaj\u0105 uwag\u0119, ale te\u017c sprawiaj\u0105, \u017ce stylizacja traci elegancki charakter. Je\u015bli brakuje jej swoistej kropki nad \u201ci\u201d, wystarczy zaopatrzy\u0107 si\u0119 w <strong>poszetk\u0119<\/strong>. Warto wybra\u0107 ozdobny, ale delikatny w odbiorze stonowany wz\u00f3r.<\/p>\n<p>Czy ju\u017c wiesz w czym si\u0119 zaprezentowa\u0107 na tej wyj\u0105tkowej uroczysto\u015bci? Koniecznie <strong>\u015bled\u017a kolekcje naszych polskich marek w Pakamera.pl<\/strong>.<\/p>\n","protected":false},"excerpt":{"rendered":"<p>Wchodz\u0105c w rol\u0119 ojca chrzestnego, nale\u017cy zadba\u0107 o odpowiedni\u0105 prezencj\u0119. Dob\u00f3r stroju i dodatk\u00f3w na chrzest i nie mo\u017ce wi\u0119c by\u0107 kwesti\u0105 przypadku. Stylizacja powinna by\u0107 elegancka, sp\u00f3jna, ale te\u017c<span class=\"more-dots\">&#8230;<\/span><\/p>\n","protected":false},"author":16,"featured_media":10364,"comment_status":"closed","ping_status":"closed","sticky":false,"template":"","format":"standard","meta":{"footnotes":""},"categories":[3],"tags":[2526,1903,2527],"class_list":["post-10363","post","type-post","status-publish","format-standard","has-post-thumbnail","hentry","category-moda","tag-chrzciny","tag-chrzest","tag-stylizacje-na-chrzest"],"yoast_head":"<!-- This site is optimized with the Yoast SEO plugin v21.6 - https:\/\/yoast.com\/wordpress\/plugins\/seo\/ -->\n<title>Jak si\u0119 ubra\u0107 na chrzest jako chrzestny? - Magazyn Pakamera.pl<\/title>\n<meta name=\"description\" content=\"Zastanawiasz si\u0119 jak si\u0119 ubra\u0107 na chrzest jako chrzestny? Zobacz nasze propozycje stylizacji od polskich marek.\" \/>\n<meta name=\"robots\" content=\"index, follow\" \/>\n<link rel=\"canonical\" href=\"https:\/\/www.pakamera.pl\/magazyn\/jak-sie-ubrac-na-chrzest-jako-chrzestny\/\" \/>\n<meta property=\"og:locale\" content=\"pl_PL\" \/>\n<meta property=\"og:type\" content=\"article\" \/>\n<meta property=\"og:title\" content=\"Jak si\u0119 ubra\u0107 na chrzest jako chrzestny? - Magazyn Pakamera.pl\" \/>\n<meta property=\"og:description\" content=\"Zastanawiasz si\u0119 jak si\u0119 ubra\u0107 na chrzest jako chrzestny? Zobacz nasze propozycje stylizacji od polskich marek.\" \/>\n<meta property=\"og:url\" content=\"https:\/\/www.pakamera.pl\/magazyn\/jak-sie-ubrac-na-chrzest-jako-chrzestny\/\" \/>\n<meta property=\"og:site_name\" content=\"Magazyn Pakamera.pl\" \/>\n<meta property=\"article:publisher\" content=\"https:\/\/facebook.com\/pakamerapl\" \/>\n<meta property=\"article:published_time\" content=\"2024-04-07T13:10:19+00:00\" \/>\n<meta property=\"article:modified_time\" content=\"2025-03-03T14:45:41+00:00\" \/>\n<meta property=\"og:image\" content=\"https:\/\/imgmag.pakamera.net\/2024\/04\/jak-sie-ubrac-na-chrzest-jako-chrzestny-161616794857.jpg\" \/>\n\t<meta property=\"og:image:width\" content=\"1600\" \/>\n\t<meta property=\"og:image:height\" content=\"840\" \/>\n\t<meta property=\"og:image:type\" content=\"image\/jpeg\" \/>\n<meta name=\"author\" content=\"Magda Strzelecka\" \/>\n<meta name=\"twitter:card\" content=\"summary_large_image\" \/>\n<meta name=\"twitter:label1\" content=\"Napisane przez\" \/>\n\t<meta name=\"twitter:data1\" content=\"Magda Strzelecka\" \/>\n\t<meta name=\"twitter:label2\" content=\"Szacowany czas czytania\" \/>\n\t<meta name=\"twitter:data2\" content=\"5 minut\" \/>\n<script type=\"application\/ld+json\" class=\"yoast-schema-graph\">{\"@context\":\"https:\/\/schema.org\",\"@graph\":[{\"@type\":\"Article\",\"@id\":\"https:\/\/www.pakamera.pl\/magazyn\/jak-sie-ubrac-na-chrzest-jako-chrzestny\/#article\",\"isPartOf\":{\"@id\":\"https:\/\/www.pakamera.pl\/magazyn\/jak-sie-ubrac-na-chrzest-jako-chrzestny\/\"},\"author\":{\"name\":\"Magda Strzelecka\",\"@id\":\"https:\/\/www.pakamera.pl\/magazyn\/#\/schema\/person\/375940ab821c5af50e1e31f1ec5282b5\"},\"headline\":\"Jak si\u0119 ubra\u0107 na chrzest jako chrzestny?\",\"datePublished\":\"2024-04-07T13:10:19+00:00\",\"dateModified\":\"2025-03-03T14:45:41+00:00\",\"mainEntityOfPage\":{\"@id\":\"https:\/\/www.pakamera.pl\/magazyn\/jak-sie-ubrac-na-chrzest-jako-chrzestny\/\"},\"wordCount\":895,\"publisher\":{\"@id\":\"https:\/\/www.pakamera.pl\/magazyn\/#organization\"},\"keywords\":[\"chrzciny\",\"chrzest\",\"stylizacje na chrzest\"],\"articleSection\":[\"Moda\"],\"inLanguage\":\"pl-PL\"},{\"@type\":\"WebPage\",\"@id\":\"https:\/\/www.pakamera.pl\/magazyn\/jak-sie-ubrac-na-chrzest-jako-chrzestny\/\",\"url\":\"https:\/\/www.pakamera.pl\/magazyn\/jak-sie-ubrac-na-chrzest-jako-chrzestny\/\",\"name\":\"Jak si\u0119 ubra\u0107 na chrzest jako chrzestny? - Magazyn Pakamera.pl\",\"isPartOf\":{\"@id\":\"https:\/\/www.pakamera.pl\/magazyn\/#website\"},\"datePublished\":\"2024-04-07T13:10:19+00:00\",\"dateModified\":\"2025-03-03T14:45:41+00:00\",\"description\":\"Zastanawiasz si\u0119 jak si\u0119 ubra\u0107 na chrzest jako chrzestny? Zobacz nasze propozycje stylizacji od polskich marek.\",\"breadcrumb\":{\"@id\":\"https:\/\/www.pakamera.pl\/magazyn\/jak-sie-ubrac-na-chrzest-jako-chrzestny\/#breadcrumb\"},\"inLanguage\":\"pl-PL\",\"potentialAction\":[{\"@type\":\"ReadAction\",\"target\":[\"https:\/\/www.pakamera.pl\/magazyn\/jak-sie-ubrac-na-chrzest-jako-chrzestny\/\"]}]},{\"@type\":\"BreadcrumbList\",\"@id\":\"https:\/\/www.pakamera.pl\/magazyn\/jak-sie-ubrac-na-chrzest-jako-chrzestny\/#breadcrumb\",\"itemListElement\":[{\"@type\":\"ListItem\",\"position\":1,\"name\":\"Magazyn\",\"item\":\"https:\/\/www.pakamera.pl\/magazyn\/\"},{\"@type\":\"ListItem\",\"position\":2,\"name\":\"Moda\",\"item\":\"https:\/\/www.pakamera.pl\/magazyn\/category\/moda\/\"},{\"@type\":\"ListItem\",\"position\":3,\"name\":\"Jak si\u0119 ubra\u0107 na chrzest jako chrzestny?\"}]},{\"@type\":\"WebSite\",\"@id\":\"https:\/\/www.pakamera.pl\/magazyn\/#website\",\"url\":\"https:\/\/www.pakamera.pl\/magazyn\/\",\"name\":\"Magazyn Pakamera.pl\",\"description\":\"Sprawd\u017a najgor\u0119tsze tematy sezonu!\",\"publisher\":{\"@id\":\"https:\/\/www.pakamera.pl\/magazyn\/#organization\"},\"potentialAction\":[{\"@type\":\"SearchAction\",\"target\":{\"@type\":\"EntryPoint\",\"urlTemplate\":\"https:\/\/www.pakamera.pl\/magazyn\/?s={search_term_string}\"},\"query-input\":\"required name=search_term_string\"}],\"inLanguage\":\"pl-PL\"},{\"@type\":\"Organization\",\"@id\":\"https:\/\/www.pakamera.pl\/magazyn\/#organization\",\"name\":\"Pakamera.pl\",\"url\":\"https:\/\/www.pakamera.pl\/magazyn\/\",\"logo\":{\"@type\":\"ImageObject\",\"inLanguage\":\"pl-PL\",\"@id\":\"https:\/\/www.pakamera.pl\/magazyn\/#\/schema\/logo\/image\/\",\"url\":\"https:\/\/imgmag.pakamera.net\/2023\/11\/153455466619.png\",\"contentUrl\":\"https:\/\/imgmag.pakamera.net\/2023\/11\/153455466619.png\",\"width\":690,\"height\":140,\"caption\":\"Pakamera.pl\"},\"image\":{\"@id\":\"https:\/\/www.pakamera.pl\/magazyn\/#\/schema\/logo\/image\/\"},\"sameAs\":[\"https:\/\/facebook.com\/pakamerapl\",\"https:\/\/www.instagram.com\/pakamera\/\"]},{\"@type\":\"Person\",\"@id\":\"https:\/\/www.pakamera.pl\/magazyn\/#\/schema\/person\/375940ab821c5af50e1e31f1ec5282b5\",\"name\":\"Magda Strzelecka\",\"description\":\"Magda to nasza stylistka, kt\u00f3ra od ponad 10 lat \u015bci\u015ble zwi\u0105zana jest z mod\u0105. Uwielbia \u015bledzi\u0107 \u015bwiatowe trendy i przek\u0142ada\u0107 je na rynek polski. Kocha dobre sk\u0142ady ubra\u0144, wyj\u0105tkow\u0105 bi\u017cuteri\u0119 i dodatki kt\u00f3re o\u017cywi\u0105 ka\u017cd\u0105 stylizacj\u0119.\"}]}<\/script>\n<!-- \/ Yoast SEO plugin. -->","yoast_head_json":{"title":"Jak si\u0119 ubra\u0107 na chrzest jako chrzestny? - Magazyn Pakamera.pl","description":"Zastanawiasz si\u0119 jak si\u0119 ubra\u0107 na chrzest jako chrzestny? Zobacz nasze propozycje stylizacji od polskich marek.","robots":{"index":"index","follow":"follow"},"canonical":"https:\/\/www.pakamera.pl\/magazyn\/jak-sie-ubrac-na-chrzest-jako-chrzestny\/","og_locale":"pl_PL","og_type":"article","og_title":"Jak si\u0119 ubra\u0107 na chrzest jako chrzestny? - Magazyn Pakamera.pl","og_description":"Zastanawiasz si\u0119 jak si\u0119 ubra\u0107 na chrzest jako chrzestny? Zobacz nasze propozycje stylizacji od polskich marek.","og_url":"https:\/\/www.pakamera.pl\/magazyn\/jak-sie-ubrac-na-chrzest-jako-chrzestny\/","og_site_name":"Magazyn Pakamera.pl","article_publisher":"https:\/\/facebook.com\/pakamerapl","article_published_time":"2024-04-07T13:10:19+00:00","article_modified_time":"2025-03-03T14:45:41+00:00","og_image":[{"width":1600,"height":840,"url":"https:\/\/imgmag.pakamera.net\/2024\/04\/jak-sie-ubrac-na-chrzest-jako-chrzestny-161616794857.jpg","type":"image\/jpeg"}],"author":"Magda Strzelecka","twitter_card":"summary_large_image","twitter_misc":{"Napisane przez":"Magda Strzelecka","Szacowany czas czytania":"5 minut"},"schema":{"@context":"https:\/\/schema.org","@graph":[{"@type":"Article","@id":"https:\/\/www.pakamera.pl\/magazyn\/jak-sie-ubrac-na-chrzest-jako-chrzestny\/#article","isPartOf":{"@id":"https:\/\/www.pakamera.pl\/magazyn\/jak-sie-ubrac-na-chrzest-jako-chrzestny\/"},"author":{"name":"Magda Strzelecka","@id":"https:\/\/www.pakamera.pl\/magazyn\/#\/schema\/person\/375940ab821c5af50e1e31f1ec5282b5"},"headline":"Jak si\u0119 ubra\u0107 na chrzest jako chrzestny?","datePublished":"2024-04-07T13:10:19+00:00","dateModified":"2025-03-03T14:45:41+00:00","mainEntityOfPage":{"@id":"https:\/\/www.pakamera.pl\/magazyn\/jak-sie-ubrac-na-chrzest-jako-chrzestny\/"},"wordCount":895,"publisher":{"@id":"https:\/\/www.pakamera.pl\/magazyn\/#organization"},"keywords":["chrzciny","chrzest","stylizacje na chrzest"],"articleSection":["Moda"],"inLanguage":"pl-PL"},{"@type":"WebPage","@id":"https:\/\/www.pakamera.pl\/magazyn\/jak-sie-ubrac-na-chrzest-jako-chrzestny\/","url":"https:\/\/www.pakamera.pl\/magazyn\/jak-sie-ubrac-na-chrzest-jako-chrzestny\/","name":"Jak si\u0119 ubra\u0107 na chrzest jako chrzestny? - Magazyn Pakamera.pl","isPartOf":{"@id":"https:\/\/www.pakamera.pl\/magazyn\/#website"},"datePublished":"2024-04-07T13:10:19+00:00","dateModified":"2025-03-03T14:45:41+00:00","description":"Zastanawiasz si\u0119 jak si\u0119 ubra\u0107 na chrzest jako chrzestny? Zobacz nasze propozycje stylizacji od polskich marek.","breadcrumb":{"@id":"https:\/\/www.pakamera.pl\/magazyn\/jak-sie-ubrac-na-chrzest-jako-chrzestny\/#breadcrumb"},"inLanguage":"pl-PL","potentialAction":[{"@type":"ReadAction","target":["https:\/\/www.pakamera.pl\/magazyn\/jak-sie-ubrac-na-chrzest-jako-chrzestny\/"]}]},{"@type":"BreadcrumbList","@id":"https:\/\/www.pakamera.pl\/magazyn\/jak-sie-ubrac-na-chrzest-jako-chrzestny\/#breadcrumb","itemListElement":[{"@type":"ListItem","position":1,"name":"Magazyn","item":"https:\/\/www.pakamera.pl\/magazyn\/"},{"@type":"ListItem","position":2,"name":"Moda","item":"https:\/\/www.pakamera.pl\/magazyn\/category\/moda\/"},{"@type":"ListItem","position":3,"name":"Jak si\u0119 ubra\u0107 na chrzest jako chrzestny?"}]},{"@type":"WebSite","@id":"https:\/\/www.pakamera.pl\/magazyn\/#website","url":"https:\/\/www.pakamera.pl\/magazyn\/","name":"Magazyn Pakamera.pl","description":"Sprawd\u017a najgor\u0119tsze tematy sezonu!","publisher":{"@id":"https:\/\/www.pakamera.pl\/magazyn\/#organization"},"potentialAction":[{"@type":"SearchAction","target":{"@type":"EntryPoint","urlTemplate":"https:\/\/www.pakamera.pl\/magazyn\/?s={search_term_string}"},"query-input":"required name=search_term_string"}],"inLanguage":"pl-PL"},{"@type":"Organization","@id":"https:\/\/www.pakamera.pl\/magazyn\/#organization","name":"Pakamera.pl","url":"https:\/\/www.pakamera.pl\/magazyn\/","logo":{"@type":"ImageObject","inLanguage":"pl-PL","@id":"https:\/\/www.pakamera.pl\/magazyn\/#\/schema\/logo\/image\/","url":"https:\/\/imgmag.pakamera.net\/2023\/11\/153455466619.png","contentUrl":"https:\/\/imgmag.pakamera.net\/2023\/11\/153455466619.png","width":690,"height":140,"caption":"Pakamera.pl"},"image":{"@id":"https:\/\/www.pakamera.pl\/magazyn\/#\/schema\/logo\/image\/"},"sameAs":["https:\/\/facebook.com\/pakamerapl","https:\/\/www.instagram.com\/pakamera\/"]},{"@type":"Person","@id":"https:\/\/www.pakamera.pl\/magazyn\/#\/schema\/person\/375940ab821c5af50e1e31f1ec5282b5","name":"Magda Strzelecka","description":"Magda to nasza stylistka, kt\u00f3ra od ponad 10 lat \u015bci\u015ble zwi\u0105zana jest z mod\u0105. Uwielbia \u015bledzi\u0107 \u015bwiatowe trendy i przek\u0142ada\u0107 je na rynek polski. Kocha dobre sk\u0142ady ubra\u0144, wyj\u0105tkow\u0105 bi\u017cuteri\u0119 i dodatki kt\u00f3re o\u017cywi\u0105 ka\u017cd\u0105 stylizacj\u0119."}]}},"_links":{"self":[{"href":"https:\/\/www.pakamera.pl\/magazyn\/wp-json\/wp\/v2\/posts\/10363","targetHints":{"allow":["GET"]}}],"collection":[{"href":"https:\/\/www.pakamera.pl\/magazyn\/wp-json\/wp\/v2\/posts"}],"about":[{"href":"https:\/\/www.pakamera.pl\/magazyn\/wp-json\/wp\/v2\/types\/post"}],"author":[{"embeddable":true,"href":"https:\/\/www.pakamera.pl\/magazyn\/wp-json\/wp\/v2\/users\/16"}],"replies":[{"embeddable":true,"href":"https:\/\/www.pakamera.pl\/magazyn\/wp-json\/wp\/v2\/comments?post=10363"}],"version-history":[{"count":3,"href":"https:\/\/www.pakamera.pl\/magazyn\/wp-json\/wp\/v2\/posts\/10363\/revisions"}],"predecessor-version":[{"id":10368,"href":"https:\/\/www.pakamera.pl\/magazyn\/wp-json\/wp\/v2\/posts\/10363\/revisions\/10368"}],"wp:featuredmedia":[{"embeddable":true,"href":"https:\/\/www.pakamera.pl\/magazyn\/wp-json\/wp\/v2\/media\/10364"}],"wp:attachment":[{"href":"https:\/\/www.pakamera.pl\/magazyn\/wp-json\/wp\/v2\/media?parent=10363"}],"wp:term":[{"taxonomy":"category","embeddable":true,"href":"https:\/\/www.pakamera.pl\/magazyn\/wp-json\/wp\/v2\/categories?post=10363"},{"taxonomy":"post_tag","embeddable":true,"href":"https:\/\/www.pakamera.pl\/magazyn\/wp-json\/wp\/v2\/tags?post=10363"}],"curies":[{"name":"wp","href":"https:\/\/api.w.org\/{rel}","templated":true}]}}