{"id":10347,"date":"2024-04-04T10:14:14","date_gmt":"2024-04-04T08:14:14","guid":{"rendered":"https:\/\/www.pakamera.pl\/magazyn\/?p=10347"},"modified":"2024-04-04T09:21:05","modified_gmt":"2024-04-04T07:21:05","slug":"jak-udekorowac-stol-na-chrzciny-w-domu","status":"publish","type":"post","link":"https:\/\/www.pakamera.pl\/magazyn\/jak-udekorowac-stol-na-chrzciny-w-domu\/","title":{"rendered":"Jak udekorowa\u0107 st\u00f3\u0142 na chrzciny w domu?"},"content":{"rendered":"<p><strong>Chrzest \u015awi\u0119ty to wyj\u0105tkowa uroczysto\u015b\u0107. Aby odda\u0107 jej charakter, warto zadba\u0107 o eleganck\u0105, wyr\u00f3\u017cniaj\u0105c\u0105 si\u0119 aran\u017cacj\u0119 sto\u0142u. Odpowiednio dobrane dodatki i zastawa zachwyci Twoich go\u015bci. Zaproponowane przez nas inspiracje, pozwol\u0105 Ci zdecydowa\u0107, jak udekorowa\u0107 st\u00f3\u0142 na chrzciny w domu.<br \/>\n<\/strong><\/p>\n<p><!--more--><\/p>\n<figure id=\"attachment_10348\" aria-describedby=\"caption-attachment-10348\" style=\"width: 1600px\" class=\"wp-caption alignnone\"><img loading=\"lazy\" decoding=\"async\" class=\"wp-image-10348 size-full\" src=\"https:\/\/imgmag.pakamera.net\/2024\/04\/jak-udekorowac-stol-na-chrzciny-w-domu-164938114680.jpg\" alt=\"Jak udekorowa\u0107 st\u00f3\u0142 na chrzciny w domu?\" width=\"1600\" height=\"840\" \/><figcaption id=\"caption-attachment-10348\" class=\"wp-caption-text\">Winietka na Chrzest \u0142apacz \/ Planneo \/ www.pakamera.pl<\/figcaption><\/figure>\n<p>Zachwy\u0107 wszystkich go\u015bci. Pami\u0119taj, aby robi\u0107 du\u017co zdj\u0119\u0107 \u2013 za kilka lat Twoje dziecko b\u0119dzie mog\u0142o podziwia\u0107 wyniki Twojej pracy.<\/p>\n<h2>Zasady komponowania dekoracji sto\u0142u na chrzciny<\/h2>\n<p>Je\u015bli nie wiesz, jak udekorowa\u0107 st\u00f3\u0142 na <a href=\"https:\/\/www.pakamera.pl\/magazyn\/chrzest-od-a-do-z\/\" target=\"_blank\" rel=\"noopener\">chrzest krok po kroku<\/a>, podpowiadamy. Wystarczy zastosowa\u0107 si\u0119 do <strong>kilku prostych zasad<\/strong>. Po pierwsze, <a href=\"https:\/\/www.pakamera.pl\/kuchnia-obrusy-i-serwetki-0-2012.htm\" target=\"_blank\" rel=\"noopener\">obrus na st\u00f3\u0142<\/a> to podstawa. <strong>Wybierz plamoodporny model, w neutralnym kolorze<\/strong>. Tutaj uniwersalna, czysta biel doskonale zda egzamin. Opr\u00f3cz tego nie mo\u017ce zabrakn\u0105\u0107 r\u00f3wnie\u017c <strong>materia\u0142owych serwetek dla ka\u017cdego z zaproszonych go\u015bci<\/strong>.<\/p>\n<p><strong>Zastawa i dekoracje powinny wsp\u00f3\u0142gra\u0107 ze sob\u0105 kolorystycznie<\/strong>. Dzi\u0119ki takiemu rozwi\u0105zaniu ca\u0142o\u015b\u0107 sto\u0142u b\u0119dzie prezentowa\u0107 si\u0119 estetycznie i sp\u00f3jnie. Zdecyduj si\u0119 na jeden kolor przewodni (przy okazji chrzcin idealnym wyborem b\u0119dzie biel) i dopasowa\u0107 r\u00f3wnie od\u015bwi\u0119tny kolor dodatk\u00f3w.<\/p>\n<div id=\"pakawidget1219\" class=\"pakawidget\"><\/div>\n<p><script async defer src=\"https:\/\/www.pakamera.pl\/widget\/widget2.min.js?id=1219&#038;type=20240403165454&#038;wwidth=1000\"><\/script><br \/>\nDo wyboru masz mn\u00f3stwo odpowiednich ozd\u00f3b na chrzciny \u2013 <strong>\u015bwieczki, stroiki, kieszonki na sztu\u0107ce<\/strong>\u2026 Si\u0119gnij po te, kt\u00f3re Ci si\u0119 podobaj\u0105, ale zachowaj umiar, a zastawa na to wielkie wydarzenie zachwyci wszystkich zebranych!<\/p>\n<h2>Wyb\u00f3r palety barw do dekoracji sto\u0142u chrzestnego<\/h2>\n<p>Chrzest kojarzy si\u0119 przede wszystkim z jasnymi, neutralnymi odcieniami. Najcz\u0119\u015bciej w oprawie tej uroczysto\u015bci <strong>kr\u00f3luj\u0105 odcienie bieli i be\u017cu<\/strong>. Doskonale \u0142\u0105cz\u0105 si\u0119 one z dowoln\u0105 inn\u0105 barw\u0105 wybran\u0105 do cel\u00f3w dekoracyjnych. <strong>Rodzice najch\u0119tniej si\u0119gaj\u0105 po z\u0142oto i w\u0142a\u015bnie ten kolor najbardziej Ci polecamy<\/strong>. Oddaje ono powag\u0119 i elegancj\u0119 \u015bwi\u0119towanej uroczysto\u015bci. Bardzo eleganckim wyborem jest te\u017c srebro.<\/p>\n<p>Coraz cz\u0119\u015bciej spotka\u0107 si\u0119 mo\u017cna z wi\u0119ksz\u0105 dowolno\u015bci\u0105 przy wyborze barw podczas obchod\u00f3w Chrztu \u015awi\u0119tego. <strong>Nasi styli\u015bci proponuj\u0105 b\u0142\u0119kit lub pudrowy r\u00f3\u017c<\/strong>. Coraz wi\u0119ksz\u0105 popularno\u015b\u0107 zyskuje <strong>nawi\u0105zuj\u0105ca do natury ziele\u0144, szczeg\u00f3lnie w cieplejszych miesi\u0105cach roku<\/strong>.<\/p>\n<figure id=\"attachment_10349\" aria-describedby=\"caption-attachment-10349\" style=\"width: 1600px\" class=\"wp-caption alignnone\"><img loading=\"lazy\" decoding=\"async\" class=\"wp-image-10349 size-full\" src=\"https:\/\/imgmag.pakamera.net\/2024\/04\/jak-udekorowac-stol-na-chrzciny-w-domu-164945425514.jpg\" alt=\"niebieskie podzi\u0119kowania dla go\u015bci na chrzest\" width=\"1600\" height=\"840\" \/><figcaption id=\"caption-attachment-10349\" class=\"wp-caption-text\">Podzi\u0119kowanie Babyshower Roczek Chrzest \/ Minimart \/ www.pakamera.pl<\/figcaption><\/figure>\n<h2>Centrum sto\u0142u na chrzcinach \u2013 jakie dekoracje wybra\u0107?<\/h2>\n<p>Centralna cz\u0119\u015b\u0107 sto\u0142u jest niezwykle wa\u017cna. Ten fragment b\u0119dzie widoczny dla ka\u017cdego zasiadaj\u0105cego do \u015bwi\u0119towania go\u015bcia. Warto zadba\u0107 zatem o odpowiednie udekorowanie tego miejsca.<\/p>\n<p>Doskona\u0142\u0105 <strong>ozdob\u0105 na \u015brodek sto\u0142u b\u0119d\u0105 \u017cywe, ci\u0119te kwiaty<\/strong>. Kompozycja ustawiona w wazonie lub w formie stroika zda egzamin. Na t\u0119 uroczysto\u015b\u0107 najlepiej <strong>sprawdz\u0105 si\u0119 ro\u015bliny o subtelnych, jasnych p\u0142atkach, kolorystycznie dobranych do pozosta\u0142ych dekoracji<\/strong>. Najlepiej wybra\u0107 kwiaty kwitn\u0105ce w aktualnej porze roku.<\/p>\n<p>Na stroiku <strong>nie mo\u017ce zabrakn\u0105\u0107 \u015bwiec<\/strong>. B\u0119d\u0105 nie tylko pi\u0119knie wygl\u0105da\u0107, ale r\u00f3wnie\u017c umil\u0105 atmosfer\u0119 swoim ciep\u0142ym promieniem. W neutralnej lub pasuj\u0105cej do pozosta\u0142ych dekoracji barwie <strong>doskonale sprawdzi si\u0119 kompozycja kwiatowa<\/strong>. Dope\u0142nieniem stroika b\u0119dzie pami\u0105tkowa ramka. Z grafik\u0105 z ciekawym motywem oraz dat\u0105 i imieniem chrzczonego male\u0144stwa.<\/p>\n<h2>Dekoracje na st\u00f3\u0142 \u2013 proste pomys\u0142y<\/h2>\n<p>Prostymi, a r\u00f3wnocze\u015bnie efektownymi, dekoracjami na st\u00f3\u0142 s\u0105 <strong>kieszonki na sztu\u0107ce<\/strong>. Bez trudu mo\u017cesz znale\u017a\u0107 modele wykonane z materia\u0142u albo papieru, w szerokiej gamie kolorystycznej. Pomog\u0105 one Ci utrzyma\u0107 porz\u0105dek oraz zepn\u0105 razem ca\u0142o\u015b\u0107 aran\u017cacji.<\/p>\n<div id=\"pakawidget1220\" class=\"pakawidget\"><\/div>\n<p><script async defer src=\"https:\/\/www.pakamera.pl\/widget\/widget2.min.js?id=1220&#038;type=20240403165729&#038;wwidth=1000\"><\/script><br \/>\nR\u00f3wnie dobrym pomys\u0142em b\u0119d\u0105 <strong>personalizowane winietki<\/strong>. Zapewni\u0105 sprawn\u0105 organizacj\u0119 przy stole, a tak\u017ce dzi\u0119ki pi\u0119knemu motywowi graficznemu, przyozdobi\u0105 ca\u0142o\u015b\u0107. Dzi\u0119ki nim ka\u017cdy z go\u015bci poczuje si\u0119 zaopiekowany, a dodatkowo mog\u0105 funkcjonowa\u0107 jako sentymentalna pami\u0105tka.<\/p>\n<h2>Ustawienie sto\u0142u na chrzciny \u2013 etykieta i praktyczne wskaz\u00f3wki<\/h2>\n<p>Podczas przygotowa\u0144 do chrzcin, odpowiednie ustawienie sto\u0142u to wa\u017cny element organizacji przyj\u0119cia. Pami\u0119taj\u0105c o odpowiedniej etykiecie, <strong>stworzysz przyjemn\u0105 atmosfer\u0119 dla zaproszonych go\u015bci<\/strong>. Starannie wybierz miejsca dla ka\u017cdego zaproszonego, uwzgl\u0119dniaj\u0105c nie tylko ich liczb\u0119, ale r\u00f3wnie\u017c preferencje. <strong>Zadbaj o odpowiednio du\u017co przestrzeni<\/strong>, aby wszyscy mogli swobodnie porusza\u0107 si\u0119 przy stole.<\/p>\n<p>St\u00f3\u0142 powinien by\u0107 udekorowany w spos\u00f3b subtelny i elegancki. Szyku ca\u0142ej aran\u017cacji doda nakrycie sto\u0142u. <strong>Polecamy bia\u0142y czy te\u017c kremowy obrus oraz materia\u0142owe serwetki przy ka\u017cdym miejscu<\/strong>. Nie zapomnij o przestrzeni dla najm\u0142odszych cz\u0142onk\u00f3w wydarzenia. <strong>Je\u015bli na przyj\u0119ciu b\u0119d\u0105 obecne dzieci, przygotuj dla nich specjalne nakrycie sto\u0142<\/strong>u oraz dostosowane menu i zabawy. Uczyni to ich udzia\u0142 w wydarzeniu przyjemnym i bezpiecznym.<\/p>\n<h2>Dodatki i akcesoria, kt\u00f3re o\u017cywi\u0105 ka\u017cdy st\u00f3\u0142 chrzestny<\/h2>\n<p>Dodatki i akcesoria odgrywaj\u0105 kluczow\u0105 rol\u0119 w nadaniu Twojemu przyj\u0119ciu chrzestnemu wyj\u0105tkowego charakteru. Istnieje wiele kreatywnych sposob\u00f3w, aby o\u017cywi\u0107 ka\u017cdy st\u00f3\u0142. Wystarczy, \u017ce <strong>po\u0142o\u017cysz na nim subtelne detale i akcenty<\/strong>. Niezwykle efektownym dodatkiem s\u0105 <strong>spersonalizowane serwetki<\/strong> lub <strong>winietki<\/strong>. Umie\u015b\u0107 na nich imi\u0119 dziecka lub dat\u0119 chrztu.<\/p>\n<p>Pami\u0119taj, \u017ce to w\u0142a\u015bnie szczeg\u00f3\u0142y czyni\u0105 wyj\u0105tkowe chwile jeszcze bardziej niezapomnianymi. Dlatego dobrym pomys\u0142em b\u0119d\u0105 <a href=\"https:\/\/www.pakamera.pl\/chrzest-upominki-dla-gosci-0-3029.htm\" target=\"_blank\" rel=\"noopener\">podzi\u0119kowania dla go\u015bci na chrzest<\/a> dost\u0119pne na Pakamera.pl. Go\u015bcie poczuj\u0105 si\u0119 dzi\u0119ki temu docenieni i d\u0142ugo b\u0119d\u0105 wspomina\u0107 to wielkie wydarzenie.<\/p>\n","protected":false},"excerpt":{"rendered":"<p>Chrzest \u015awi\u0119ty to wyj\u0105tkowa uroczysto\u015b\u0107. Aby odda\u0107 jej charakter, warto zadba\u0107 o eleganck\u0105, wyr\u00f3\u017cniaj\u0105c\u0105 si\u0119 aran\u017cacj\u0119 sto\u0142u. Odpowiednio dobrane dodatki i zastawa zachwyci Twoich go\u015bci. Zaproponowane przez nas inspiracje, pozwol\u0105<span class=\"more-dots\">&#8230;<\/span><\/p>\n","protected":false},"author":18,"featured_media":10348,"comment_status":"closed","ping_status":"closed","sticky":false,"template":"","format":"standard","meta":{"footnotes":""},"categories":[4],"tags":[2526,1903,2259],"class_list":["post-10347","post","type-post","status-publish","format-standard","has-post-thumbnail","hentry","category-dziecko","tag-chrzciny","tag-chrzest","tag-topper-na-chrzest"],"yoast_head":"<!-- This site is optimized with the Yoast SEO plugin v21.6 - https:\/\/yoast.com\/wordpress\/plugins\/seo\/ -->\n<title>Jak udekorowa\u0107 st\u00f3\u0142 na chrzciny w domu? - Magazyn Pakamera.pl<\/title>\n<meta name=\"description\" content=\"Zastanawiasz si\u0119 jak udekorowa\u0107 st\u00f3\u0142 na chrzciny w domu? Zobacz nasze propozycje kolor\u00f3w i po\u0142\u0105cze\u0144, kt\u00f3re sprawdz\u0105 si\u0119 podczas uroczysto\u015bci.\" \/>\n<meta name=\"robots\" content=\"index, follow\" \/>\n<link rel=\"canonical\" href=\"https:\/\/www.pakamera.pl\/magazyn\/jak-udekorowac-stol-na-chrzciny-w-domu\/\" \/>\n<meta property=\"og:locale\" content=\"pl_PL\" \/>\n<meta property=\"og:type\" content=\"article\" \/>\n<meta property=\"og:title\" content=\"Jak udekorowa\u0107 st\u00f3\u0142 na chrzciny w domu? - Magazyn Pakamera.pl\" \/>\n<meta property=\"og:description\" content=\"Zastanawiasz si\u0119 jak udekorowa\u0107 st\u00f3\u0142 na chrzciny w domu? Zobacz nasze propozycje kolor\u00f3w i po\u0142\u0105cze\u0144, kt\u00f3re sprawdz\u0105 si\u0119 podczas uroczysto\u015bci.\" \/>\n<meta property=\"og:url\" content=\"https:\/\/www.pakamera.pl\/magazyn\/jak-udekorowac-stol-na-chrzciny-w-domu\/\" \/>\n<meta property=\"og:site_name\" content=\"Magazyn Pakamera.pl\" \/>\n<meta property=\"article:publisher\" content=\"https:\/\/facebook.com\/pakamerapl\" \/>\n<meta property=\"article:published_time\" content=\"2024-04-04T08:14:14+00:00\" \/>\n<meta property=\"article:modified_time\" content=\"2024-04-04T07:21:05+00:00\" \/>\n<meta property=\"og:image\" content=\"https:\/\/imgmag.pakamera.net\/2024\/04\/jak-udekorowac-stol-na-chrzciny-w-domu-164938114680.jpg\" \/>\n\t<meta property=\"og:image:width\" content=\"1600\" \/>\n\t<meta property=\"og:image:height\" content=\"840\" \/>\n\t<meta property=\"og:image:type\" content=\"image\/jpeg\" \/>\n<meta name=\"author\" content=\"Joanna Miluk\" \/>\n<meta name=\"twitter:card\" content=\"summary_large_image\" \/>\n<meta name=\"twitter:label1\" content=\"Napisane przez\" \/>\n\t<meta name=\"twitter:data1\" content=\"Joanna Miluk\" \/>\n\t<meta name=\"twitter:label2\" content=\"Szacowany czas czytania\" \/>\n\t<meta name=\"twitter:data2\" content=\"5 minut\" \/>\n<script type=\"application\/ld+json\" class=\"yoast-schema-graph\">{\"@context\":\"https:\/\/schema.org\",\"@graph\":[{\"@type\":\"Article\",\"@id\":\"https:\/\/www.pakamera.pl\/magazyn\/jak-udekorowac-stol-na-chrzciny-w-domu\/#article\",\"isPartOf\":{\"@id\":\"https:\/\/www.pakamera.pl\/magazyn\/jak-udekorowac-stol-na-chrzciny-w-domu\/\"},\"author\":{\"name\":\"Joanna Miluk\",\"@id\":\"https:\/\/www.pakamera.pl\/magazyn\/#\/schema\/person\/2b133c04ac3d14aefde103d068e014d3\"},\"headline\":\"Jak udekorowa\u0107 st\u00f3\u0142 na chrzciny w domu?\",\"datePublished\":\"2024-04-04T08:14:14+00:00\",\"dateModified\":\"2024-04-04T07:21:05+00:00\",\"mainEntityOfPage\":{\"@id\":\"https:\/\/www.pakamera.pl\/magazyn\/jak-udekorowac-stol-na-chrzciny-w-domu\/\"},\"wordCount\":888,\"publisher\":{\"@id\":\"https:\/\/www.pakamera.pl\/magazyn\/#organization\"},\"keywords\":[\"chrzciny\",\"chrzest\",\"topper na chrzest\"],\"articleSection\":[\"Dziecko\"],\"inLanguage\":\"pl-PL\"},{\"@type\":\"WebPage\",\"@id\":\"https:\/\/www.pakamera.pl\/magazyn\/jak-udekorowac-stol-na-chrzciny-w-domu\/\",\"url\":\"https:\/\/www.pakamera.pl\/magazyn\/jak-udekorowac-stol-na-chrzciny-w-domu\/\",\"name\":\"Jak udekorowa\u0107 st\u00f3\u0142 na chrzciny w domu? - Magazyn Pakamera.pl\",\"isPartOf\":{\"@id\":\"https:\/\/www.pakamera.pl\/magazyn\/#website\"},\"datePublished\":\"2024-04-04T08:14:14+00:00\",\"dateModified\":\"2024-04-04T07:21:05+00:00\",\"description\":\"Zastanawiasz si\u0119 jak udekorowa\u0107 st\u00f3\u0142 na chrzciny w domu? Zobacz nasze propozycje kolor\u00f3w i po\u0142\u0105cze\u0144, kt\u00f3re sprawdz\u0105 si\u0119 podczas uroczysto\u015bci.\",\"breadcrumb\":{\"@id\":\"https:\/\/www.pakamera.pl\/magazyn\/jak-udekorowac-stol-na-chrzciny-w-domu\/#breadcrumb\"},\"inLanguage\":\"pl-PL\",\"potentialAction\":[{\"@type\":\"ReadAction\",\"target\":[\"https:\/\/www.pakamera.pl\/magazyn\/jak-udekorowac-stol-na-chrzciny-w-domu\/\"]}]},{\"@type\":\"BreadcrumbList\",\"@id\":\"https:\/\/www.pakamera.pl\/magazyn\/jak-udekorowac-stol-na-chrzciny-w-domu\/#breadcrumb\",\"itemListElement\":[{\"@type\":\"ListItem\",\"position\":1,\"name\":\"Magazyn\",\"item\":\"https:\/\/www.pakamera.pl\/magazyn\/\"},{\"@type\":\"ListItem\",\"position\":2,\"name\":\"Dziecko\",\"item\":\"https:\/\/www.pakamera.pl\/magazyn\/category\/dziecko\/\"},{\"@type\":\"ListItem\",\"position\":3,\"name\":\"Jak udekorowa\u0107 st\u00f3\u0142 na chrzciny w domu?\"}]},{\"@type\":\"WebSite\",\"@id\":\"https:\/\/www.pakamera.pl\/magazyn\/#website\",\"url\":\"https:\/\/www.pakamera.pl\/magazyn\/\",\"name\":\"Magazyn Pakamera.pl\",\"description\":\"Sprawd\u017a najgor\u0119tsze tematy sezonu!\",\"publisher\":{\"@id\":\"https:\/\/www.pakamera.pl\/magazyn\/#organization\"},\"potentialAction\":[{\"@type\":\"SearchAction\",\"target\":{\"@type\":\"EntryPoint\",\"urlTemplate\":\"https:\/\/www.pakamera.pl\/magazyn\/?s={search_term_string}\"},\"query-input\":\"required name=search_term_string\"}],\"inLanguage\":\"pl-PL\"},{\"@type\":\"Organization\",\"@id\":\"https:\/\/www.pakamera.pl\/magazyn\/#organization\",\"name\":\"Pakamera.pl\",\"url\":\"https:\/\/www.pakamera.pl\/magazyn\/\",\"logo\":{\"@type\":\"ImageObject\",\"inLanguage\":\"pl-PL\",\"@id\":\"https:\/\/www.pakamera.pl\/magazyn\/#\/schema\/logo\/image\/\",\"url\":\"https:\/\/imgmag.pakamera.net\/2023\/11\/153455466619.png\",\"contentUrl\":\"https:\/\/imgmag.pakamera.net\/2023\/11\/153455466619.png\",\"width\":690,\"height\":140,\"caption\":\"Pakamera.pl\"},\"image\":{\"@id\":\"https:\/\/www.pakamera.pl\/magazyn\/#\/schema\/logo\/image\/\"},\"sameAs\":[\"https:\/\/facebook.com\/pakamerapl\",\"https:\/\/www.instagram.com\/pakamera\/\"]},{\"@type\":\"Person\",\"@id\":\"https:\/\/www.pakamera.pl\/magazyn\/#\/schema\/person\/2b133c04ac3d14aefde103d068e014d3\",\"name\":\"Joanna Miluk\",\"description\":\"Asia jest nasz\u0105 ekspertk\u0105 od spraw najm\u0142odszych. Ch\u0119tnie podejmuje tematy zar\u00f3wno mody dzieci\u0119cej jak i dzieci\u0119cych wn\u0119trz. Wiek dziecka nie jest dla niej przeszkod\u0105. Pomo\u017ce zar\u00f3wno skompletowa\u0107 wyprawk\u0119 dla niemowlaka jak i urz\u0105dzi\u0107 pok\u00f3j nastolatka.\"}]}<\/script>\n<!-- \/ Yoast SEO plugin. -->","yoast_head_json":{"title":"Jak udekorowa\u0107 st\u00f3\u0142 na chrzciny w domu? - Magazyn Pakamera.pl","description":"Zastanawiasz si\u0119 jak udekorowa\u0107 st\u00f3\u0142 na chrzciny w domu? Zobacz nasze propozycje kolor\u00f3w i po\u0142\u0105cze\u0144, kt\u00f3re sprawdz\u0105 si\u0119 podczas uroczysto\u015bci.","robots":{"index":"index","follow":"follow"},"canonical":"https:\/\/www.pakamera.pl\/magazyn\/jak-udekorowac-stol-na-chrzciny-w-domu\/","og_locale":"pl_PL","og_type":"article","og_title":"Jak udekorowa\u0107 st\u00f3\u0142 na chrzciny w domu? - Magazyn Pakamera.pl","og_description":"Zastanawiasz si\u0119 jak udekorowa\u0107 st\u00f3\u0142 na chrzciny w domu? Zobacz nasze propozycje kolor\u00f3w i po\u0142\u0105cze\u0144, kt\u00f3re sprawdz\u0105 si\u0119 podczas uroczysto\u015bci.","og_url":"https:\/\/www.pakamera.pl\/magazyn\/jak-udekorowac-stol-na-chrzciny-w-domu\/","og_site_name":"Magazyn Pakamera.pl","article_publisher":"https:\/\/facebook.com\/pakamerapl","article_published_time":"2024-04-04T08:14:14+00:00","article_modified_time":"2024-04-04T07:21:05+00:00","og_image":[{"width":1600,"height":840,"url":"https:\/\/imgmag.pakamera.net\/2024\/04\/jak-udekorowac-stol-na-chrzciny-w-domu-164938114680.jpg","type":"image\/jpeg"}],"author":"Joanna Miluk","twitter_card":"summary_large_image","twitter_misc":{"Napisane przez":"Joanna Miluk","Szacowany czas czytania":"5 minut"},"schema":{"@context":"https:\/\/schema.org","@graph":[{"@type":"Article","@id":"https:\/\/www.pakamera.pl\/magazyn\/jak-udekorowac-stol-na-chrzciny-w-domu\/#article","isPartOf":{"@id":"https:\/\/www.pakamera.pl\/magazyn\/jak-udekorowac-stol-na-chrzciny-w-domu\/"},"author":{"name":"Joanna Miluk","@id":"https:\/\/www.pakamera.pl\/magazyn\/#\/schema\/person\/2b133c04ac3d14aefde103d068e014d3"},"headline":"Jak udekorowa\u0107 st\u00f3\u0142 na chrzciny w domu?","datePublished":"2024-04-04T08:14:14+00:00","dateModified":"2024-04-04T07:21:05+00:00","mainEntityOfPage":{"@id":"https:\/\/www.pakamera.pl\/magazyn\/jak-udekorowac-stol-na-chrzciny-w-domu\/"},"wordCount":888,"publisher":{"@id":"https:\/\/www.pakamera.pl\/magazyn\/#organization"},"keywords":["chrzciny","chrzest","topper na chrzest"],"articleSection":["Dziecko"],"inLanguage":"pl-PL"},{"@type":"WebPage","@id":"https:\/\/www.pakamera.pl\/magazyn\/jak-udekorowac-stol-na-chrzciny-w-domu\/","url":"https:\/\/www.pakamera.pl\/magazyn\/jak-udekorowac-stol-na-chrzciny-w-domu\/","name":"Jak udekorowa\u0107 st\u00f3\u0142 na chrzciny w domu? - Magazyn Pakamera.pl","isPartOf":{"@id":"https:\/\/www.pakamera.pl\/magazyn\/#website"},"datePublished":"2024-04-04T08:14:14+00:00","dateModified":"2024-04-04T07:21:05+00:00","description":"Zastanawiasz si\u0119 jak udekorowa\u0107 st\u00f3\u0142 na chrzciny w domu? Zobacz nasze propozycje kolor\u00f3w i po\u0142\u0105cze\u0144, kt\u00f3re sprawdz\u0105 si\u0119 podczas uroczysto\u015bci.","breadcrumb":{"@id":"https:\/\/www.pakamera.pl\/magazyn\/jak-udekorowac-stol-na-chrzciny-w-domu\/#breadcrumb"},"inLanguage":"pl-PL","potentialAction":[{"@type":"ReadAction","target":["https:\/\/www.pakamera.pl\/magazyn\/jak-udekorowac-stol-na-chrzciny-w-domu\/"]}]},{"@type":"BreadcrumbList","@id":"https:\/\/www.pakamera.pl\/magazyn\/jak-udekorowac-stol-na-chrzciny-w-domu\/#breadcrumb","itemListElement":[{"@type":"ListItem","position":1,"name":"Magazyn","item":"https:\/\/www.pakamera.pl\/magazyn\/"},{"@type":"ListItem","position":2,"name":"Dziecko","item":"https:\/\/www.pakamera.pl\/magazyn\/category\/dziecko\/"},{"@type":"ListItem","position":3,"name":"Jak udekorowa\u0107 st\u00f3\u0142 na chrzciny w domu?"}]},{"@type":"WebSite","@id":"https:\/\/www.pakamera.pl\/magazyn\/#website","url":"https:\/\/www.pakamera.pl\/magazyn\/","name":"Magazyn Pakamera.pl","description":"Sprawd\u017a najgor\u0119tsze tematy sezonu!","publisher":{"@id":"https:\/\/www.pakamera.pl\/magazyn\/#organization"},"potentialAction":[{"@type":"SearchAction","target":{"@type":"EntryPoint","urlTemplate":"https:\/\/www.pakamera.pl\/magazyn\/?s={search_term_string}"},"query-input":"required name=search_term_string"}],"inLanguage":"pl-PL"},{"@type":"Organization","@id":"https:\/\/www.pakamera.pl\/magazyn\/#organization","name":"Pakamera.pl","url":"https:\/\/www.pakamera.pl\/magazyn\/","logo":{"@type":"ImageObject","inLanguage":"pl-PL","@id":"https:\/\/www.pakamera.pl\/magazyn\/#\/schema\/logo\/image\/","url":"https:\/\/imgmag.pakamera.net\/2023\/11\/153455466619.png","contentUrl":"https:\/\/imgmag.pakamera.net\/2023\/11\/153455466619.png","width":690,"height":140,"caption":"Pakamera.pl"},"image":{"@id":"https:\/\/www.pakamera.pl\/magazyn\/#\/schema\/logo\/image\/"},"sameAs":["https:\/\/facebook.com\/pakamerapl","https:\/\/www.instagram.com\/pakamera\/"]},{"@type":"Person","@id":"https:\/\/www.pakamera.pl\/magazyn\/#\/schema\/person\/2b133c04ac3d14aefde103d068e014d3","name":"Joanna Miluk","description":"Asia jest nasz\u0105 ekspertk\u0105 od spraw najm\u0142odszych. Ch\u0119tnie podejmuje tematy zar\u00f3wno mody dzieci\u0119cej jak i dzieci\u0119cych wn\u0119trz. Wiek dziecka nie jest dla niej przeszkod\u0105. Pomo\u017ce zar\u00f3wno skompletowa\u0107 wyprawk\u0119 dla niemowlaka jak i urz\u0105dzi\u0107 pok\u00f3j nastolatka."}]}},"_links":{"self":[{"href":"https:\/\/www.pakamera.pl\/magazyn\/wp-json\/wp\/v2\/posts\/10347","targetHints":{"allow":["GET"]}}],"collection":[{"href":"https:\/\/www.pakamera.pl\/magazyn\/wp-json\/wp\/v2\/posts"}],"about":[{"href":"https:\/\/www.pakamera.pl\/magazyn\/wp-json\/wp\/v2\/types\/post"}],"author":[{"embeddable":true,"href":"https:\/\/www.pakamera.pl\/magazyn\/wp-json\/wp\/v2\/users\/18"}],"replies":[{"embeddable":true,"href":"https:\/\/www.pakamera.pl\/magazyn\/wp-json\/wp\/v2\/comments?post=10347"}],"version-history":[{"count":2,"href":"https:\/\/www.pakamera.pl\/magazyn\/wp-json\/wp\/v2\/posts\/10347\/revisions"}],"predecessor-version":[{"id":10352,"href":"https:\/\/www.pakamera.pl\/magazyn\/wp-json\/wp\/v2\/posts\/10347\/revisions\/10352"}],"wp:featuredmedia":[{"embeddable":true,"href":"https:\/\/www.pakamera.pl\/magazyn\/wp-json\/wp\/v2\/media\/10348"}],"wp:attachment":[{"href":"https:\/\/www.pakamera.pl\/magazyn\/wp-json\/wp\/v2\/media?parent=10347"}],"wp:term":[{"taxonomy":"category","embeddable":true,"href":"https:\/\/www.pakamera.pl\/magazyn\/wp-json\/wp\/v2\/categories?post=10347"},{"taxonomy":"post_tag","embeddable":true,"href":"https:\/\/www.pakamera.pl\/magazyn\/wp-json\/wp\/v2\/tags?post=10347"}],"curies":[{"name":"wp","href":"https:\/\/api.w.org\/{rel}","templated":true}]}}