{"id":10315,"date":"2024-03-30T13:30:00","date_gmt":"2024-03-30T12:30:00","guid":{"rendered":"https:\/\/www.pakamera.pl\/magazyn\/?p=10315"},"modified":"2024-03-29T14:22:50","modified_gmt":"2024-03-29T13:22:50","slug":"w-co-sie-ubrac-na-chrzest-jako-gosc","status":"publish","type":"post","link":"https:\/\/www.pakamera.pl\/magazyn\/w-co-sie-ubrac-na-chrzest-jako-gosc\/","title":{"rendered":"W co si\u0119 ubra\u0107 na chrzest jako go\u015b\u0107?"},"content":{"rendered":"<p><strong>Chrzest \u015awi\u0119ty to uroczysto\u015b\u0107 odbywaj\u0105ca si\u0119 w ko\u015bciele, dlatego wszelkiego rodzaju kreacje ods\u0142aniaj\u0105ce cia\u0142o nale\u017cy pozostawi\u0107 w szafie. Lepszym wyborem b\u0119d\u0105 eleganckie, skromniejsze stroje. Warto tak\u017ce zagra\u0107 dodatkami, takimi jak buty, bi\u017cuteria czy odpowiednia torebka. W czym na chrzest jako go\u015b\u0107? Oto kilka propozycji dla kobiet i m\u0119\u017cczyzn.<\/strong><\/p>\n<p><!--more--><\/p>\n<figure id=\"attachment_10316\" aria-describedby=\"caption-attachment-10316\" style=\"width: 1600px\" class=\"wp-caption alignnone\"><img loading=\"lazy\" decoding=\"async\" class=\"wp-image-10316 size-full\" src=\"https:\/\/imgmag.pakamera.net\/2024\/03\/w-co-sie-ubrac-na-chrzest-jako-gosc-141320527977.jpg\" alt=\"W co si\u0119 ubra\u0107 na chrzest jako go\u015b\u0107?\" width=\"1600\" height=\"840\" \/><figcaption id=\"caption-attachment-10316\" class=\"wp-caption-text\">B\u0142\u0119kitna sukienka midi w kwiaty \/ Kasia Miciak design \/ www.pakamera.pl<\/figcaption><\/figure>\n<h2>Etykieta ubioru na chrzest \u2013 podstawowe zasady<\/h2>\n<p>Chrzest \u015awi\u0119ty symbolizuje niewinno\u015b\u0107, czysto\u015b\u0107 oraz odrodzenie, dlatego na t\u0119 uroczysto\u015b\u0107 wybieramy <strong>g\u0142\u00f3wnie jasne kolory<\/strong>. S\u0105 one szczeg\u00f3lnie po\u017c\u0105dane, je\u015bli wydarzenie ma miejsce wiosn\u0105 albo latem. Ciemne barwy nie s\u0105 zakazane, ale pojawienie si\u0119 na chrzcie w czarnej garsonce mo\u017ce nie by\u0107 dobrze odebrane, gdy\u017c kolor ten w naszej kulturze kojarzy si\u0119 z \u017ca\u0142ob\u0105.<\/p>\n<p>Bardzo wa\u017cny jest te\u017c <strong>odpowiedni kr\u00f3j stroju<\/strong>. Sukienki typu mini, bluzki ods\u0142aniaj\u0105ce ramiona albo g\u0142\u0119bokie dekolty lepiej pozostawi\u0107 w szafie na inn\u0105 okazj\u0119. O wiele lepiej sprawdz\u0105 si\u0119 <strong>modele midi oraz nieco bardziej zabudowane koszule<\/strong>. Alternatywa dla sp\u00f3dnicy czy sukienki to <strong>garnitur damski w stonowanym kolorze<\/strong>. Je\u015bli kreacja ma odkryte ramiona, to na czas trwania obrz\u0119du w ko\u015bciele nale\u017cy dobra\u0107 do niej \u017cakiet, p\u0142aszcz albo innego rodzaju okrycie wierzchni.<\/p>\n<h2>Jak unika\u0107 modowych faux pas jako go\u015bcie na chrzcie?<\/h2>\n<p>Go\u015bcie uczestnicz\u0105cy w uroczysto\u015bci chrztu powinni<strong> wybra\u0107 prosty str\u00f3j w delikatnym kolorze<\/strong>. Niepo\u017c\u0105dane s\u0105 zar\u00f3wno<strong> zbyt ciemne, jak i neonowe, mocno rzucaj\u0105ce si\u0119 w oczy barwy<\/strong>. Go\u015bcie maj\u0105 sporo swobody w doborze kreacji, ale <strong>w dobrym tonie b\u0119d\u0105 d\u0142u\u017csze sp\u00f3dnice oraz bluzki zakrywaj\u0105ce ramiona i dekolt<\/strong>.<\/p>\n<p>Z\u0142ym wyborem b\u0119d\u0105 natomiast wyrazista bi\u017cuteria oraz wieczorowy makija\u017c. Pami\u0119tajmy, \u017ce chrzest to uroczysto\u015b\u0107 ko\u015bcielna, dlatego nale\u017cy si\u0119 ubra\u0107 stosownie do powagi miejsca.<\/p>\n<h2>Idealne stroje dla kobiet i m\u0119\u017cczyzn na chrzest<\/h2>\n<div id=\"pakawidget1207\" class=\"pakawidget\"><\/div>\n<p><script async defer src=\"https:\/\/www.pakamera.pl\/widget\/widget2.min.js?id=1207&#038;type=20240329141537&#038;wwidth=1000\"><\/script><br \/>\nCzym charakteryzuje si\u0119 idealny str\u00f3j na chrzest? <strong>Prostot\u0105, dobrym smakiem i wyczuciem<\/strong>. Kobiety mog\u0105 postawi\u0107 na modny <a href=\"https:\/\/www.pakamera.pl\/garnitur-damski-0-t81879.htm\" target=\"_blank\" rel=\"noopener\">garnitur damski<\/a>, do kt\u00f3rego doskonale pasuje <strong>elegancka bluzka koszulowa w jednolitym kolorze<\/strong>. Dobrym wyborem b\u0119dzie te\u017c <a href=\"https:\/\/www.pakamera.pl\/spodnica-tiulowa-0-t31969.htm\" target=\"_blank\" rel=\"noopener\">sp\u00f3dnica tiulowa<\/a> zestawiona z koszul\u0105, \u017cakietem oraz butami na obcasie. Ciekawym rozwi\u0105zaniem jest <strong>sukienka midi z plisowanym do\u0142em<\/strong> oraz koszulow\u0105 g\u00f3r\u0105. Mo\u017cemy te\u017c zdecydowa\u0107 si\u0119 na<strong> sukienk\u0119 z kopertowym dekoltem, dobrze dopasowan\u0105 do cia\u0142a<\/strong>.<\/p>\n<p>M\u0119\u017cczy\u017ani cz\u0119sto zastanawiaj\u0105 si\u0119, czy na chrzest nale\u017cy za\u0142o\u017cy\u0107 garnitur, czy mo\u017cna pozwoli\u0107 sobie na nieco mniej formalny str\u00f3j? <strong>Klasycznie skrojony garnitur w ciemnym kolorze<\/strong> to jeden z najelegantszych stroj\u00f3w, jednak panowie, kt\u00f3rzy wol\u0105 lu\u017aniejsze stylizacje, mog\u0105 postawi\u0107 na <strong>spodnie typu chino, marynark\u0119 oraz koszul\u0119<\/strong>. Latem du\u017c\u0105 popularno\u015bci\u0105 ciesz\u0105 si\u0119 <strong>garnitury w jasnych kolorach oraz w krat\u0119<\/strong>. Pami\u0119tajmy, \u017ce str\u00f3j powinien by\u0107 elegancki, dlatego t-shirty czy spodnie o lu\u017anym kroju nie b\u0119d\u0105 mile widziane.<\/p>\n<h2>Wskaz\u00f3wki dotycz\u0105ce wyboru kolor\u00f3w oraz tkanin<\/h2>\n<p>Komponuj\u0105c stylizacj\u0119 na chrzest, cz\u0119sto zastanawiamy si\u0119, <a href=\"https:\/\/www.pakamera.pl\/magazyn\/jak-dobrac-torebke-do-butow\/\" target=\"_blank\" rel=\"noopener\">jak dobra\u0107 torebk\u0119 do but\u00f3w<\/a> b\u0105d\u017a <a href=\"https:\/\/www.pakamera.pl\/magazyn\/jak-dobrac-bizuterie-do-sukienki\/\" target=\"_blank\" rel=\"noopener\">jak dobra\u0107 bi\u017cuteri\u0119 do sukienki<\/a>. Powinni\u015bmy skupi\u0107 si\u0119 przede wszystkim na <strong>kolorach \u2013 razem musz\u0105 tworzy\u0107 sp\u00f3jn\u0105 ca\u0142o\u015b\u0107<\/strong>. Najlepiej sprawdzaj\u0105 si\u0119<strong> delikatne barwy \u2013 b\u0142\u0119kit, be\u017c, pudrowy r\u00f3\u017c, jasna ziele\u0144<\/strong>. Stylizacja <strong>oparta na 2, maksymalnie 3 kolorach b\u0119dzie lekka w odbiorze<\/strong>, nieprzesadzona.<\/p>\n<p>Wybierajmy te\u017c <strong>eleganckie tkaniny, takie jak jedwabna \u017cor\u017ceta albo szyfon<\/strong>. Pi\u0119knie prezentuj\u0105 si\u0119 te\u017c <strong>sukienki z wiskozy<\/strong>, kt\u00f3ra cieszy si\u0119 du\u017cym uznaniem zw\u0142aszcza w ciep\u0142e dni. Ciekaw\u0105 alternatyw\u0105 jest <strong>tiul, kt\u00f3ry jednak wymaga odpowiedniego podszycia<\/strong>. Zim\u0105 doskona\u0142ym wyborem b\u0119dzie <strong>welur, kt\u00f3ry nie tylko dobrze si\u0119 uk\u0142ada, ale te\u017c mieni w \u015bwietle<\/strong>. O wiele mniej znana jest tkanina marchiano, z kt\u00f3rej szyte s\u0105 sukienki, sp\u00f3dnice, garnitury i eleganckie stroje do pracy.<\/p>\n<h2>Dopasowanie ubioru do miejsca i pory chrztu<\/h2>\n<figure id=\"attachment_10317\" aria-describedby=\"caption-attachment-10317\" style=\"width: 1600px\" class=\"wp-caption alignnone\"><img loading=\"lazy\" decoding=\"async\" class=\"wp-image-10317 size-full\" src=\"https:\/\/imgmag.pakamera.net\/2024\/03\/w-co-sie-ubrac-na-chrzest-jako-gosc-141321249680.jpg\" alt=\"garniturowe spodnie damskie w kolorze fuksjowym z szeroka nogawk\u0105\" width=\"1600\" height=\"840\" \/><figcaption id=\"caption-attachment-10317\" class=\"wp-caption-text\">Spodnie z szerokimi nogawkami-\u015bliwka(S-331) \/ STYLE \/ www.pakamera.pl<\/figcaption><\/figure>\n<p>Na to, jaki str\u00f3j wybierzemy na uroczysto\u015b\u0107 chrztu, wp\u0142ywa mi\u0119dzy innymi pora roku. <strong>Wiosn\u0105 i latem prym wiod\u0105 lekkie sukienki lub garnitury damskie w pastelowych kolorach<\/strong>. Stawiamy na minimalizm, graj\u0105c dodatkami. <strong>Eleganckie obuwie, bransoletki i kolczyki<\/strong> jako <a href=\"https:\/\/www.pakamera.pl\/magazyn\/odkryj-idealna-bizuterie-do-sukienki-bez-dekoltu-podpowiedzi-i-inspiracje\/\" target=\"_blank\" rel=\"noopener\">idealna bi\u017cuteria do sukienki bez dekoltu<\/a> czy <strong>efektowna torebka<\/strong> to tylko niekt\u00f3re propozycje. W cieplejsze dni <strong>warto rozwa\u017cy\u0107 dob\u00f3r ciekawych ozd\u00f3b do w\u0142os\u00f3w<\/strong>, zw\u0142aszcza je\u015bli planujemy je spi\u0105\u0107.<\/p>\n<p>Tymczasem <strong>jesieni\u0105 i zim\u0105 wybieramy nie tylko ciemniejsze kolory, ale i grubsze tkaniny<\/strong>. <strong>Welurowa sukienka w po\u0142\u0105czeniu z kozakami i ciep\u0142ym p\u0142aszczem<\/strong> sprawi, \u017ce b\u0119dziemy wygl\u0105da\u0107 modnie, zachowuj\u0105c komfort termiczny. <strong>Skupiamy si\u0119 tak\u017ce na dodatkach bi\u017cuteryjnych<\/strong>, kt\u00f3re o\u017cywi\u0105 str\u00f3j. Zastanawiaj\u0105c si\u0119, <a href=\"https:\/\/www.pakamera.pl\/magazyn\/jak-dobrac-naszyjnik-do-stylizacji\/\" target=\"_blank\" rel=\"noopener\">jaki naszyjnik wybra\u0107 do stylizacji<\/a>, mo\u017cemy pozwoli\u0107 sobie na nieco wi\u0119cej finezji. <strong>Mieni\u0105ce si\u0119 kryszta\u0142ki albo wi\u0119ksze wisiorki idealnie pasuj\u0105 do prostych, wymagaj\u0105cych podkre\u015blenia ubior\u00f3w<\/strong>.<\/p>\n<div id=\"pakawidget1208\" class=\"pakawidget\"><\/div>\n<p><script async defer src=\"https:\/\/www.pakamera.pl\/widget\/widget2.min.js?id=1208&#038;type=20240329141851&#038;wwidth=1000\"><\/script><br \/>\nNiema\u0142e znaczenie ma tak\u017ce miejsce chrztu. O ile sam obrz\u0119d odbywa si\u0119 w ko\u015bciele, o tyle pocz\u0119stunek mo\u017ce by\u0107 podany w restauracji, w domu albo w ogrodzie. W pierwszym i drugim przypadku sprawdz\u0105 si\u0119 eleganckie stroje, natomiast<strong> impreza w ogrodzie wymaga nieco lu\u017aniejszej, wygodnej stylizacji<\/strong>. Wyb\u00f3r odpowiedniego stroju na chrzest dla go\u015bcia nie jest wi\u0119c oczywisty \u2013 wiele zale\u017cy od pory roku oraz charakteru przyj\u0119cia.<\/p>\n<p>Ubrania, bi\u017cuteri\u0119 i inne dodatki na t\u0119 wyj\u0105tkow\u0105 uroczysto\u015b\u0107 znajdziesz w <a href=\"https:\/\/www.pakamera.pl\/magazyn\/jak-dobrac-naszyjnik-do-stylizacji\/\">kolekcjach polskich marek w sklepie pakamera.pl<\/a>.<\/p>\n","protected":false},"excerpt":{"rendered":"<p>Chrzest \u015awi\u0119ty to uroczysto\u015b\u0107 odbywaj\u0105ca si\u0119 w ko\u015bciele, dlatego wszelkiego rodzaju kreacje ods\u0142aniaj\u0105ce cia\u0142o nale\u017cy pozostawi\u0107 w szafie. Lepszym wyborem b\u0119d\u0105 eleganckie, skromniejsze stroje. Warto tak\u017ce zagra\u0107 dodatkami, takimi jak<span class=\"more-dots\">&#8230;<\/span><\/p>\n","protected":false},"author":16,"featured_media":10316,"comment_status":"closed","ping_status":"closed","sticky":false,"template":"","format":"standard","meta":{"footnotes":""},"categories":[3],"tags":[1903,2401,840],"class_list":["post-10315","post","type-post","status-publish","format-standard","has-post-thumbnail","hentry","category-moda","tag-chrzest","tag-dobor-bizuterii-do-stylizacji","tag-stylizacja-dla-niej"],"yoast_head":"<!-- This site is optimized with the Yoast SEO plugin v21.6 - https:\/\/yoast.com\/wordpress\/plugins\/seo\/ -->\n<title>W co si\u0119 ubra\u0107 na chrzest jako go\u015b\u0107? - Magazyn Pakamera.pl<\/title>\n<meta name=\"description\" content=\"Zastanawiasz si\u0119 w czym i\u015b\u0107 na chrzest jako go\u015b\u0107? Zobacz nasze propozycje od polskich marek oraz wskaz\u00f3wki czego unika\u0107.\" \/>\n<meta name=\"robots\" content=\"index, follow\" \/>\n<link rel=\"canonical\" href=\"https:\/\/www.pakamera.pl\/magazyn\/w-co-sie-ubrac-na-chrzest-jako-gosc\/\" \/>\n<meta property=\"og:locale\" content=\"pl_PL\" \/>\n<meta property=\"og:type\" content=\"article\" \/>\n<meta property=\"og:title\" content=\"W co si\u0119 ubra\u0107 na chrzest jako go\u015b\u0107? - Magazyn Pakamera.pl\" \/>\n<meta property=\"og:description\" content=\"Zastanawiasz si\u0119 w czym i\u015b\u0107 na chrzest jako go\u015b\u0107? Zobacz nasze propozycje od polskich marek oraz wskaz\u00f3wki czego unika\u0107.\" \/>\n<meta property=\"og:url\" content=\"https:\/\/www.pakamera.pl\/magazyn\/w-co-sie-ubrac-na-chrzest-jako-gosc\/\" \/>\n<meta property=\"og:site_name\" content=\"Magazyn Pakamera.pl\" \/>\n<meta property=\"article:publisher\" content=\"https:\/\/facebook.com\/pakamerapl\" \/>\n<meta property=\"article:published_time\" content=\"2024-03-30T12:30:00+00:00\" \/>\n<meta property=\"article:modified_time\" content=\"2024-03-29T13:22:50+00:00\" \/>\n<meta property=\"og:image\" content=\"https:\/\/imgmag.pakamera.net\/2024\/03\/w-co-sie-ubrac-na-chrzest-jako-gosc-141320527977.jpg\" \/>\n\t<meta property=\"og:image:width\" content=\"1600\" \/>\n\t<meta property=\"og:image:height\" content=\"840\" \/>\n\t<meta property=\"og:image:type\" content=\"image\/jpeg\" \/>\n<meta name=\"author\" content=\"Magda Strzelecka\" \/>\n<meta name=\"twitter:card\" content=\"summary_large_image\" \/>\n<meta name=\"twitter:label1\" content=\"Napisane przez\" \/>\n\t<meta name=\"twitter:data1\" content=\"Magda Strzelecka\" \/>\n\t<meta name=\"twitter:label2\" content=\"Szacowany czas czytania\" \/>\n\t<meta name=\"twitter:data2\" content=\"6 minut\" \/>\n<script type=\"application\/ld+json\" class=\"yoast-schema-graph\">{\"@context\":\"https:\/\/schema.org\",\"@graph\":[{\"@type\":\"Article\",\"@id\":\"https:\/\/www.pakamera.pl\/magazyn\/w-co-sie-ubrac-na-chrzest-jako-gosc\/#article\",\"isPartOf\":{\"@id\":\"https:\/\/www.pakamera.pl\/magazyn\/w-co-sie-ubrac-na-chrzest-jako-gosc\/\"},\"author\":{\"name\":\"Magda Strzelecka\",\"@id\":\"https:\/\/www.pakamera.pl\/magazyn\/#\/schema\/person\/375940ab821c5af50e1e31f1ec5282b5\"},\"headline\":\"W co si\u0119 ubra\u0107 na chrzest jako go\u015b\u0107?\",\"datePublished\":\"2024-03-30T12:30:00+00:00\",\"dateModified\":\"2024-03-29T13:22:50+00:00\",\"mainEntityOfPage\":{\"@id\":\"https:\/\/www.pakamera.pl\/magazyn\/w-co-sie-ubrac-na-chrzest-jako-gosc\/\"},\"wordCount\":943,\"publisher\":{\"@id\":\"https:\/\/www.pakamera.pl\/magazyn\/#organization\"},\"keywords\":[\"chrzest\",\"dob\u00f3r bi\u017cuterii do stylizacji\",\"stylizacja dla niej\"],\"articleSection\":[\"Moda\"],\"inLanguage\":\"pl-PL\"},{\"@type\":\"WebPage\",\"@id\":\"https:\/\/www.pakamera.pl\/magazyn\/w-co-sie-ubrac-na-chrzest-jako-gosc\/\",\"url\":\"https:\/\/www.pakamera.pl\/magazyn\/w-co-sie-ubrac-na-chrzest-jako-gosc\/\",\"name\":\"W co si\u0119 ubra\u0107 na chrzest jako go\u015b\u0107? - Magazyn Pakamera.pl\",\"isPartOf\":{\"@id\":\"https:\/\/www.pakamera.pl\/magazyn\/#website\"},\"datePublished\":\"2024-03-30T12:30:00+00:00\",\"dateModified\":\"2024-03-29T13:22:50+00:00\",\"description\":\"Zastanawiasz si\u0119 w czym i\u015b\u0107 na chrzest jako go\u015b\u0107? Zobacz nasze propozycje od polskich marek oraz wskaz\u00f3wki czego unika\u0107.\",\"breadcrumb\":{\"@id\":\"https:\/\/www.pakamera.pl\/magazyn\/w-co-sie-ubrac-na-chrzest-jako-gosc\/#breadcrumb\"},\"inLanguage\":\"pl-PL\",\"potentialAction\":[{\"@type\":\"ReadAction\",\"target\":[\"https:\/\/www.pakamera.pl\/magazyn\/w-co-sie-ubrac-na-chrzest-jako-gosc\/\"]}]},{\"@type\":\"BreadcrumbList\",\"@id\":\"https:\/\/www.pakamera.pl\/magazyn\/w-co-sie-ubrac-na-chrzest-jako-gosc\/#breadcrumb\",\"itemListElement\":[{\"@type\":\"ListItem\",\"position\":1,\"name\":\"Magazyn\",\"item\":\"https:\/\/www.pakamera.pl\/magazyn\/\"},{\"@type\":\"ListItem\",\"position\":2,\"name\":\"Moda\",\"item\":\"https:\/\/www.pakamera.pl\/magazyn\/category\/moda\/\"},{\"@type\":\"ListItem\",\"position\":3,\"name\":\"W co si\u0119 ubra\u0107 na chrzest jako go\u015b\u0107?\"}]},{\"@type\":\"WebSite\",\"@id\":\"https:\/\/www.pakamera.pl\/magazyn\/#website\",\"url\":\"https:\/\/www.pakamera.pl\/magazyn\/\",\"name\":\"Magazyn Pakamera.pl\",\"description\":\"Sprawd\u017a najgor\u0119tsze tematy sezonu!\",\"publisher\":{\"@id\":\"https:\/\/www.pakamera.pl\/magazyn\/#organization\"},\"potentialAction\":[{\"@type\":\"SearchAction\",\"target\":{\"@type\":\"EntryPoint\",\"urlTemplate\":\"https:\/\/www.pakamera.pl\/magazyn\/?s={search_term_string}\"},\"query-input\":\"required name=search_term_string\"}],\"inLanguage\":\"pl-PL\"},{\"@type\":\"Organization\",\"@id\":\"https:\/\/www.pakamera.pl\/magazyn\/#organization\",\"name\":\"Pakamera.pl\",\"url\":\"https:\/\/www.pakamera.pl\/magazyn\/\",\"logo\":{\"@type\":\"ImageObject\",\"inLanguage\":\"pl-PL\",\"@id\":\"https:\/\/www.pakamera.pl\/magazyn\/#\/schema\/logo\/image\/\",\"url\":\"https:\/\/imgmag.pakamera.net\/2023\/11\/153455466619.png\",\"contentUrl\":\"https:\/\/imgmag.pakamera.net\/2023\/11\/153455466619.png\",\"width\":690,\"height\":140,\"caption\":\"Pakamera.pl\"},\"image\":{\"@id\":\"https:\/\/www.pakamera.pl\/magazyn\/#\/schema\/logo\/image\/\"},\"sameAs\":[\"https:\/\/facebook.com\/pakamerapl\",\"https:\/\/www.instagram.com\/pakamera\/\"]},{\"@type\":\"Person\",\"@id\":\"https:\/\/www.pakamera.pl\/magazyn\/#\/schema\/person\/375940ab821c5af50e1e31f1ec5282b5\",\"name\":\"Magda Strzelecka\",\"description\":\"Magda to nasza stylistka, kt\u00f3ra od ponad 10 lat \u015bci\u015ble zwi\u0105zana jest z mod\u0105. Uwielbia \u015bledzi\u0107 \u015bwiatowe trendy i przek\u0142ada\u0107 je na rynek polski. Kocha dobre sk\u0142ady ubra\u0144, wyj\u0105tkow\u0105 bi\u017cuteri\u0119 i dodatki kt\u00f3re o\u017cywi\u0105 ka\u017cd\u0105 stylizacj\u0119.\"}]}<\/script>\n<!-- \/ Yoast SEO plugin. -->","yoast_head_json":{"title":"W co si\u0119 ubra\u0107 na chrzest jako go\u015b\u0107? - Magazyn Pakamera.pl","description":"Zastanawiasz si\u0119 w czym i\u015b\u0107 na chrzest jako go\u015b\u0107? Zobacz nasze propozycje od polskich marek oraz wskaz\u00f3wki czego unika\u0107.","robots":{"index":"index","follow":"follow"},"canonical":"https:\/\/www.pakamera.pl\/magazyn\/w-co-sie-ubrac-na-chrzest-jako-gosc\/","og_locale":"pl_PL","og_type":"article","og_title":"W co si\u0119 ubra\u0107 na chrzest jako go\u015b\u0107? - Magazyn Pakamera.pl","og_description":"Zastanawiasz si\u0119 w czym i\u015b\u0107 na chrzest jako go\u015b\u0107? Zobacz nasze propozycje od polskich marek oraz wskaz\u00f3wki czego unika\u0107.","og_url":"https:\/\/www.pakamera.pl\/magazyn\/w-co-sie-ubrac-na-chrzest-jako-gosc\/","og_site_name":"Magazyn Pakamera.pl","article_publisher":"https:\/\/facebook.com\/pakamerapl","article_published_time":"2024-03-30T12:30:00+00:00","article_modified_time":"2024-03-29T13:22:50+00:00","og_image":[{"width":1600,"height":840,"url":"https:\/\/imgmag.pakamera.net\/2024\/03\/w-co-sie-ubrac-na-chrzest-jako-gosc-141320527977.jpg","type":"image\/jpeg"}],"author":"Magda Strzelecka","twitter_card":"summary_large_image","twitter_misc":{"Napisane przez":"Magda Strzelecka","Szacowany czas czytania":"6 minut"},"schema":{"@context":"https:\/\/schema.org","@graph":[{"@type":"Article","@id":"https:\/\/www.pakamera.pl\/magazyn\/w-co-sie-ubrac-na-chrzest-jako-gosc\/#article","isPartOf":{"@id":"https:\/\/www.pakamera.pl\/magazyn\/w-co-sie-ubrac-na-chrzest-jako-gosc\/"},"author":{"name":"Magda Strzelecka","@id":"https:\/\/www.pakamera.pl\/magazyn\/#\/schema\/person\/375940ab821c5af50e1e31f1ec5282b5"},"headline":"W co si\u0119 ubra\u0107 na chrzest jako go\u015b\u0107?","datePublished":"2024-03-30T12:30:00+00:00","dateModified":"2024-03-29T13:22:50+00:00","mainEntityOfPage":{"@id":"https:\/\/www.pakamera.pl\/magazyn\/w-co-sie-ubrac-na-chrzest-jako-gosc\/"},"wordCount":943,"publisher":{"@id":"https:\/\/www.pakamera.pl\/magazyn\/#organization"},"keywords":["chrzest","dob\u00f3r bi\u017cuterii do stylizacji","stylizacja dla niej"],"articleSection":["Moda"],"inLanguage":"pl-PL"},{"@type":"WebPage","@id":"https:\/\/www.pakamera.pl\/magazyn\/w-co-sie-ubrac-na-chrzest-jako-gosc\/","url":"https:\/\/www.pakamera.pl\/magazyn\/w-co-sie-ubrac-na-chrzest-jako-gosc\/","name":"W co si\u0119 ubra\u0107 na chrzest jako go\u015b\u0107? - Magazyn Pakamera.pl","isPartOf":{"@id":"https:\/\/www.pakamera.pl\/magazyn\/#website"},"datePublished":"2024-03-30T12:30:00+00:00","dateModified":"2024-03-29T13:22:50+00:00","description":"Zastanawiasz si\u0119 w czym i\u015b\u0107 na chrzest jako go\u015b\u0107? Zobacz nasze propozycje od polskich marek oraz wskaz\u00f3wki czego unika\u0107.","breadcrumb":{"@id":"https:\/\/www.pakamera.pl\/magazyn\/w-co-sie-ubrac-na-chrzest-jako-gosc\/#breadcrumb"},"inLanguage":"pl-PL","potentialAction":[{"@type":"ReadAction","target":["https:\/\/www.pakamera.pl\/magazyn\/w-co-sie-ubrac-na-chrzest-jako-gosc\/"]}]},{"@type":"BreadcrumbList","@id":"https:\/\/www.pakamera.pl\/magazyn\/w-co-sie-ubrac-na-chrzest-jako-gosc\/#breadcrumb","itemListElement":[{"@type":"ListItem","position":1,"name":"Magazyn","item":"https:\/\/www.pakamera.pl\/magazyn\/"},{"@type":"ListItem","position":2,"name":"Moda","item":"https:\/\/www.pakamera.pl\/magazyn\/category\/moda\/"},{"@type":"ListItem","position":3,"name":"W co si\u0119 ubra\u0107 na chrzest jako go\u015b\u0107?"}]},{"@type":"WebSite","@id":"https:\/\/www.pakamera.pl\/magazyn\/#website","url":"https:\/\/www.pakamera.pl\/magazyn\/","name":"Magazyn Pakamera.pl","description":"Sprawd\u017a najgor\u0119tsze tematy sezonu!","publisher":{"@id":"https:\/\/www.pakamera.pl\/magazyn\/#organization"},"potentialAction":[{"@type":"SearchAction","target":{"@type":"EntryPoint","urlTemplate":"https:\/\/www.pakamera.pl\/magazyn\/?s={search_term_string}"},"query-input":"required name=search_term_string"}],"inLanguage":"pl-PL"},{"@type":"Organization","@id":"https:\/\/www.pakamera.pl\/magazyn\/#organization","name":"Pakamera.pl","url":"https:\/\/www.pakamera.pl\/magazyn\/","logo":{"@type":"ImageObject","inLanguage":"pl-PL","@id":"https:\/\/www.pakamera.pl\/magazyn\/#\/schema\/logo\/image\/","url":"https:\/\/imgmag.pakamera.net\/2023\/11\/153455466619.png","contentUrl":"https:\/\/imgmag.pakamera.net\/2023\/11\/153455466619.png","width":690,"height":140,"caption":"Pakamera.pl"},"image":{"@id":"https:\/\/www.pakamera.pl\/magazyn\/#\/schema\/logo\/image\/"},"sameAs":["https:\/\/facebook.com\/pakamerapl","https:\/\/www.instagram.com\/pakamera\/"]},{"@type":"Person","@id":"https:\/\/www.pakamera.pl\/magazyn\/#\/schema\/person\/375940ab821c5af50e1e31f1ec5282b5","name":"Magda Strzelecka","description":"Magda to nasza stylistka, kt\u00f3ra od ponad 10 lat \u015bci\u015ble zwi\u0105zana jest z mod\u0105. Uwielbia \u015bledzi\u0107 \u015bwiatowe trendy i przek\u0142ada\u0107 je na rynek polski. Kocha dobre sk\u0142ady ubra\u0144, wyj\u0105tkow\u0105 bi\u017cuteri\u0119 i dodatki kt\u00f3re o\u017cywi\u0105 ka\u017cd\u0105 stylizacj\u0119."}]}},"_links":{"self":[{"href":"https:\/\/www.pakamera.pl\/magazyn\/wp-json\/wp\/v2\/posts\/10315","targetHints":{"allow":["GET"]}}],"collection":[{"href":"https:\/\/www.pakamera.pl\/magazyn\/wp-json\/wp\/v2\/posts"}],"about":[{"href":"https:\/\/www.pakamera.pl\/magazyn\/wp-json\/wp\/v2\/types\/post"}],"author":[{"embeddable":true,"href":"https:\/\/www.pakamera.pl\/magazyn\/wp-json\/wp\/v2\/users\/16"}],"replies":[{"embeddable":true,"href":"https:\/\/www.pakamera.pl\/magazyn\/wp-json\/wp\/v2\/comments?post=10315"}],"version-history":[{"count":1,"href":"https:\/\/www.pakamera.pl\/magazyn\/wp-json\/wp\/v2\/posts\/10315\/revisions"}],"predecessor-version":[{"id":10318,"href":"https:\/\/www.pakamera.pl\/magazyn\/wp-json\/wp\/v2\/posts\/10315\/revisions\/10318"}],"wp:featuredmedia":[{"embeddable":true,"href":"https:\/\/www.pakamera.pl\/magazyn\/wp-json\/wp\/v2\/media\/10316"}],"wp:attachment":[{"href":"https:\/\/www.pakamera.pl\/magazyn\/wp-json\/wp\/v2\/media?parent=10315"}],"wp:term":[{"taxonomy":"category","embeddable":true,"href":"https:\/\/www.pakamera.pl\/magazyn\/wp-json\/wp\/v2\/categories?post=10315"},{"taxonomy":"post_tag","embeddable":true,"href":"https:\/\/www.pakamera.pl\/magazyn\/wp-json\/wp\/v2\/tags?post=10315"}],"curies":[{"name":"wp","href":"https:\/\/api.w.org\/{rel}","templated":true}]}}