{"id":10298,"date":"2024-03-27T16:54:28","date_gmt":"2024-03-27T15:54:28","guid":{"rendered":"https:\/\/www.pakamera.pl\/magazyn\/?p=10298"},"modified":"2024-03-27T16:54:28","modified_gmt":"2024-03-27T15:54:28","slug":"jak-dbac-o-wlosy","status":"publish","type":"post","link":"https:\/\/www.pakamera.pl\/magazyn\/jak-dbac-o-wlosy\/","title":{"rendered":"Jak dba\u0107 o w\u0142osy?"},"content":{"rendered":"<p><strong>Pi\u0119kne, zadbane i zdrowe w\u0142osy to nie tylko dobrze dobrane kosmetyki, ale r\u00f3wnie\u017c odpowiednie nawyki. Dbanie o w\u0142osy jest dla wielu kobiet rytua\u0142em, kt\u00f3ry wykonujemy niemal ka\u017cdego dnia. W\u0142a\u015bciwa piel\u0119gnacja ma ogromne znaczenie!<\/strong><\/p>\n<p><!--more--><\/p>\n<figure id=\"attachment_10301\" aria-describedby=\"caption-attachment-10301\" style=\"width: 1600px\" class=\"wp-caption alignnone\"><img loading=\"lazy\" decoding=\"async\" class=\"wp-image-10301 size-full\" src=\"https:\/\/imgmag.pakamera.net\/2024\/03\/jak-dbac-o-wlosy-154428565256.png\" alt=\"Jak dba\u0107 o w\u0142osy kr\u0119cone?\" width=\"1600\" height=\"840\" \/><figcaption id=\"caption-attachment-10301\" class=\"wp-caption-text\">Szampon do codziennej piel\u0119gnacji w\u0142os\u00f3w Sendo 250 ml \/ Sendo \/ www.pakamera.pl<\/figcaption><\/figure>\n<p>Wiedz\u0105c, jak od\u017cywi\u0107 i dba\u0107 o w\u0142osy, mo\u017cesz z \u0142atwo\u015bci\u0105 <strong>zaplanowa\u0107 codzienn\u0105 piel\u0119gnacj\u0119<\/strong>. Dzisiaj przedstawimy Wam kilka najwa\u017cniejszych zasad, kt\u00f3rymi powinni\u015bcie kierowa\u0107 si\u0119 przy wyborze odpowiednich <a href=\"https:\/\/www.pakamera.pl\/do-wlosow-0-2861.htm\" target=\"_blank\" rel=\"noopener\">produkt\u00f3w do w\u0142os\u00f3w<\/a>. Przyjrzyjmy si\u0119 najwa\u017cniejszym czynnikom, kt\u00f3re wp\u0142ywaj\u0105 na og\u00f3lny wygl\u0105d naszych w\u0142os\u00f3w.<\/p>\n<h2>Jak dba\u0107 o w\u0142osy kr\u0119cone?<\/h2>\n<p>W\u0142osy kr\u0119cone charakteryzuj\u0105 si\u0119 specyficzn\u0105 struktur\u0105. Maj\u0105 tendencj\u0119 do puszenia si\u0119, cz\u0119sto trudno je rozczesa\u0107, poniewa\u017c si\u0119 pl\u0105cz\u0105. <strong>Zazwyczaj s\u0105 to w\u0142osy wysokoporowate, suche i matowe<\/strong>. Kr\u0119c\u0105 si\u0119 pod wp\u0142ywem wilgoci i wody. Ten rodzaj w\u0142os\u00f3w <strong>wymaga szczeg\u00f3lnej uwagi i piel\u0119gnacji<\/strong>. Je\u015bli chcesz zadba\u0107 o swoje loki, zastosuj si\u0119 do poni\u017cszych wskaz\u00f3wek:<\/p>\n<ul>\n<li><strong>regularnie nawil\u017caj w\u0142osy<\/strong> \u2014 loki maj\u0105 tendencj\u0119 do wysuszania, dlatego regularne nawil\u017canie jest niezwykle istotne. Stawiaj na <strong>od\u017cywki i maski, kt\u00f3re przywr\u00f3c\u0105 im elastyczno\u015b\u0107 i blask<\/strong>, a tak\u017ce nawil\u017c\u0105 od \u015brodka.<\/li>\n<li><strong>unikaj intensywnego mycia<\/strong> \u2014 nie myj kr\u0119conych w\u0142os\u00f3w zbyt cz\u0119sto, poniewa\u017c to przesuszy ich struktur\u0119. Stawiaj na <strong>delikatne szampony, kt\u00f3re nie obci\u0105\u017caj\u0105 i nie wysuszaj\u0105 sk\u00f3ry g\u0142owy<\/strong>. \u015awietnie do mycia sprawdzi si\u0119 <a href=\"https:\/\/www.pakamera.pl\/do-wlosow-szampony-0-2863.htm\" target=\"_blank\" rel=\"noopener\">szampon do w\u0142os\u00f3w<\/a> kr\u0119conych marki Trico Botanica. W ofercie marki znajdziesz r\u00f3wnie\u017c inne kosmetyki do piel\u0119gnacji w\u0142os\u00f3w kr\u0119conych.<\/li>\n<li>stosuj <strong>od\u017cywki bez sp\u0142ukiwania<\/strong> \u2014 tego rodzaju kosmetyki sprawiaj\u0105, \u017ce loki staj\u0105 si\u0119 bardziej l\u015bni\u0105ce, mi\u0119kkie i \u0142atwiejsze w stylizacji.<\/li>\n<li>unikaj stosowania gor\u0105cych narz\u0119dzi \u2014 <strong>suszenie suszark\u0105, prostowanie, czy stosowanie lok\u00f3wki mo\u017ce uszkodzi\u0107 struktur\u0119 w\u0142os\u00f3w kr\u0119conych<\/strong>. Staraj si\u0119 ograniczy\u0107 stosowanie tych urz\u0105dze\u0144 do minimum i stosuj je tylko, przy wcze\u015bniejszym u\u017cyciu termoochrony.<\/li>\n<li><strong>\u015bpij na delikatnej poszewce<\/strong> \u2014 najlepiej sprawdzi si\u0119 jedwabna. Tkanina ta <strong>zapobiega puszeniu si\u0119 lok\u00f3w<\/strong> i pomo\u017ce utrzyma\u0107 w\u0142osy w dobrej kondycji.<\/li>\n<\/ul>\n<div id=\"pakawidget1203\" class=\"pakawidget\"><\/div>\n<p><script async defer src=\"https:\/\/www.pakamera.pl\/widget\/widget2.min.js?id=1203&#038;type=20240327154858&#038;wwidth=1000\"><\/script><\/p>\n<h2>Jak dba\u0107 o w\u0142osy farbowane?<\/h2>\n<p>Farbowanie w\u0142os\u00f3w to proces chemiczny, podczas kt\u00f3rego otwierana jest \u0142uska w\u0142osa. Nast\u0119pnie wprowadza si\u0119 sztuczny pigment i tym samym, eliminujemy naturalny barwnik, zwany melanin\u0105. Otwarcie \u0142uski w\u0142osa to wynik podniesienia poziomu pH. Niezwykle wa\u017cne jest, aby po takim zabiegu przywr\u00f3ci\u0107 naszym w\u0142osom neutralny poziom pH.<\/p>\n<p>Jak powszechnie wiadomo, wszelkiego rodzaju zabiegi chemiczne znacznie wp\u0142ywaj\u0105 i os\u0142abiaj\u0105 struktur\u0119 w\u0142osa. <strong>Po zabiegach w\u0142osy charakteryzuj\u0105 si\u0119 wi\u0119ksz\u0105 porowato\u015bci\u0105, mog\u0105 sta\u0107 si\u0119 bardziej \u0142amliwe, suche i matowe<\/strong>, a tak\u017ce trudniejsze do stylizacji.<\/p>\n<p>Nie oznacza to jednak, \u017ce musisz ca\u0142kowicie rezygnowa\u0107 z farbowania. <strong>W\u0142a\u015bciwa piel\u0119gnacja i profesjonalna farba do w\u0142os\u00f3w pozwol\u0105 zminimalizowa\u0107 te uszkodzenia<\/strong>. Jest tak\u017ce kilka czynno\u015bci, kt\u00f3re pomog\u0105 zadba\u0107 o w\u0142osy farbowane:<\/p>\n<ul>\n<li><strong>u\u017cywaj specjalistycznych kosmetyk\u00f3w<\/strong> \u2014 wybieraj szampony, od\u017cywki i maski <strong>dedykowane piel\u0119gnacji w\u0142os\u00f3w farbowanych<\/strong>. Tego rodzaju specyfiki pomog\u0105 Ci utrzyma\u0107 intensywno\u015b\u0107 koloru, zapobiegn\u0105 jego wyp\u0142ukiwaniu, a przy tym zadbaj\u0105 o kondycj\u0119 Twoich w\u0142os\u00f3w. Je\u015bli szukasz od\u017cywki, idealnej po farbowaniu, to \u015bwietnym wyborem b\u0119dzie <strong>balsam regeneruj\u0105cy po zabiegach chemicznych od marki Biobotanic<\/strong>.<\/li>\n<li>unikaj cz\u0119stego mycia w\u0142os\u00f3w \u2014 mo\u017ce przyczyni\u0107 si\u0119 to do wyp\u0142ukania farby. <strong>Postaraj si\u0119 my\u0107 w\u0142osy co drugi dzie\u0144 lub rzadziej<\/strong>. Oczywi\u015bcie, je\u015bli Twoje w\u0142osy si\u0119 przet\u0142uszczaj\u0105 i wymagaj\u0105 cz\u0119stszego mycia, wykonuj t\u0119 czynno\u015b\u0107 wed\u0142ug potrzeby. Przet\u0142uszczone w\u0142osy mog\u0105 powodowa\u0107 podra\u017cnienia sk\u00f3ry g\u0142owy, kt\u00f3ra w konsekwencji os\u0142abi Twoje w\u0142osy.<\/li>\n<li>regularnie <strong>nawil\u017caj w\u0142osy<\/strong> \u2014 wybieraj kosmetyki g\u0142\u0119boko regeneruj\u0105ce, a tak\u017ce stosuj <strong>olejki zabezpieczaj\u0105ce ko\u0144c\u00f3wki<\/strong>. Nie zapomnij r\u00f3wnie\u017c o termoochronie podczas ka\u017cdej stylizacji.<\/li>\n<li><strong>unikaj wody chlorowanej<\/strong> \u2014 woda basenowa tak\u017ce wp\u0142ywa negatywnie na kolor w\u0142os\u00f3w farbowanych. Przed wej\u015bciem na basen dok\u0142adnie namocz w\u0142osy w zwyk\u0142ej wodzie lub za\u0142\u00f3\u017c specjalny czepek na basen.<\/li>\n<\/ul>\n<figure id=\"attachment_10300\" aria-describedby=\"caption-attachment-10300\" style=\"width: 1600px\" class=\"wp-caption alignnone\"><img loading=\"lazy\" decoding=\"async\" class=\"wp-image-10300 size-full\" src=\"https:\/\/imgmag.pakamera.net\/2024\/03\/jak-dbac-o-wlosy-154426350636.jpg\" alt=\"polska marka z produktami do piel\u0119gnacji w\u0142os\u00f3w sendo\" width=\"1600\" height=\"840\" \/><figcaption id=\"caption-attachment-10300\" class=\"wp-caption-text\">P\u0142yn modeluj\u0105cy w\u0142osy Sendo 150 ml \/ Sendo \/ www.pakamera.pl<\/figcaption><\/figure>\n<h2>W\u0142osy blond &#8211; jak je piel\u0119gnowa\u0107?<\/h2>\n<p>W\u0142osy blond s\u0105 niezwykle trudne w piel\u0119gnacji. Cz\u0119sto pl\u0105cz\u0105 si\u0119 i pusz\u0105, a przez sw\u0105 porowat\u0105 struktur\u0119 <strong>s\u0105 wyj\u0105tkowo \u0142amliwe i kruche<\/strong>. Blondynki cz\u0119sto borykaj\u0105 si\u0119 z brakiem spr\u0119\u017cysto\u015bci i blasku w\u0142os\u00f3w, a rozdwajaj\u0105ce si\u0119 ko\u0144c\u00f3wki i elektryzowanie s\u0105 na porz\u0105dku dziennym. Jak zatem dba\u0107 o ten rodzaj w\u0142os\u00f3w, aby m\u00f3c cieszy\u0107 si\u0119 pi\u0119knym kolorem i doskona\u0142\u0105 kondycj\u0105?<\/p>\n<p>Przede wszystkim <strong>stawiaj na preparaty przeznaczone dla blond w\u0142os\u00f3w<\/strong>, kt\u00f3re pozwol\u0105 utrzyma\u0107 jasny kolor, b\u0119d\u0105 tonowa\u0107 \u017c\u00f3\u0142ty odcie\u0144 i zapobiegn\u0105 \u017c\u00f3\u0142kni\u0119ciu. Niezb\u0119dne oka\u017c\u0105 si\u0119 r\u00f3wnie\u017c <strong>maski nawil\u017caj\u0105ce i wszelkiego rodzaju kosmetyki zabezpieczaj\u0105ce przed uszkodzeniami<\/strong>.<\/p>\n<p>Warto zadba\u0107 tak\u017ce o <strong>zbilansowan\u0105 diet\u0119, bogat\u0105 w sk\u0142adniki od\u017cywcze<\/strong> wspieraj\u0105ce zdrowy wzrost i kondycj\u0119 w\u0142os\u00f3w. Dostarczaj swojemu organizmowi witaminy A, E, C, biotyn\u0119, cynk i kwasy omega-3, a Twoje w\u0142osy na pewno Ci za to podzi\u0119kuj\u0105.<\/p>\n<p>Stawiaj na <strong>delikatne mycie<\/strong>. Wi\u0119kszo\u015b\u0107 z nas nie przyk\u0142ada wi\u0119kszej wagi do tej czynno\u015bci, a odpowiednie mycie ma ogromne znaczenie dla kondycji i wygl\u0105du naszych w\u0142os\u00f3w. Pami\u0119taj, \u017ce <strong>jasne pasma nale\u017cy my\u0107 letni\u0105, a nie gor\u0105c\u0105 wod\u0105<\/strong>. Szampon aplikuj najpierw na d\u0142o\u0144, a dopiero p\u00f3\u017aniej, po wymieszaniu z wod\u0105, na\u0142\u00f3\u017c na sk\u00f3r\u0119 g\u0142owy i wykonaj delikatny masa\u017c. Po umyciu <strong>nie trzyj r\u0119cznikiem, a jedynie ods\u0105cz z wody<\/strong>, dociskaj\u0105c delikatnie r\u0119cznik do sk\u00f3ry g\u0142owy. Mo\u017cesz u\u017cy\u0107 do tego bawe\u0142nianej koszulki, kt\u00f3ra nie podra\u017cni sk\u00f3ry g\u0142owy i nie popl\u0105cze Twoich w\u0142os\u00f3w.<\/p>\n<div id=\"pakawidget1204\" class=\"pakawidget\"><\/div>\n<p><script async defer src=\"https:\/\/www.pakamera.pl\/widget\/widget2.min.js?id=1204&#038;type=20240327160321&#038;wwidth=1000\"><\/script><\/p>\n<h2>Jak dba\u0107 o w\u0142osy m\u0119skie?<\/h2>\n<p>\u015awiadomo\u015b\u0107 na temat piel\u0119gnacji w\u0142os\u00f3w u m\u0119\u017cczyzn z roku na rok wzrasta. Mo\u017cemy zauwa\u017cy\u0107 zainteresowanie piel\u0119gnacj\u0105, szczeg\u00f3lnie w przypadku m\u0119\u017cczyzn z d\u0142ugimi, kr\u0119conymi w\u0142osami. Jakie potrzeby maj\u0105 m\u0119skie w\u0142osy oraz jak dobra\u0107 produkty do ich piel\u0119gnacji?<\/p>\n<p>Przede wszystkim <strong>warto postawi\u0107 na regularne mycie<\/strong>. W przypadku <strong>w\u0142os\u00f3w kr\u00f3tkich mo\u017cna my\u0107 je codziennie lub co drugi dzie\u0144<\/strong>, myj\u0105c szamponem przeznaczonym do w\u0142os\u00f3w m\u0119skich. Stawiaj na <strong>szampony o bogatej, od\u017cywczej formule<\/strong>, kt\u00f3re pomog\u0105 utrzyma\u0107 Twoje w\u0142osy zdrowe i w dobrej kondycji.<\/p>\n<p><strong>Regularnie podcinaj ko\u0144c\u00f3wki<\/strong>, co dodatkowo wzmocni w\u0142osy i zapobiegnie rozdwajaniu. Chro\u0144 swoje w\u0142osy przed czynnikami zewn\u0119trznymi. \u015awietnym sposobem jest noszenie czapek podczas s\u0142onecznych dni.<\/p>\n<p><strong>Do stylizacji u\u017cywaj \u0142agodnych produkt\u00f3w<\/strong>, kt\u00f3re nie obci\u0105\u017c\u0105 i nie zniszcz\u0105 w\u0142os\u00f3w. Rewelacyjne produkty do stylizacji znajdziesz w sklepie pakamera.pl. Stosowanie lakier\u00f3w i silnych pianek mo\u017ce zaszkodzi\u0107 w\u0142osom, dlatego lepszym wyborem b\u0119d\u0105 preparaty o lekkiej formule. Oczywi\u015bcie w naszym sklepie znajdziesz r\u00f3wnie\u017c szereg kosmetyk\u00f3w odbudowuj\u0105cych, zabezpieczaj\u0105cych i nawil\u017caj\u0105cych w\u0142osy. <strong>Dopasuj piel\u0119gnacj\u0119 do swoich potrzeb i ciesz si\u0119 zdrowymi, mocnymi w\u0142osami<\/strong>.<\/p>\n","protected":false},"excerpt":{"rendered":"<p>Pi\u0119kne, zadbane i zdrowe w\u0142osy to nie tylko dobrze dobrane kosmetyki, ale r\u00f3wnie\u017c odpowiednie nawyki. Dbanie o w\u0142osy jest dla wielu kobiet rytua\u0142em, kt\u00f3ry wykonujemy niemal ka\u017cdego dnia. W\u0142a\u015bciwa piel\u0119gnacja<span class=\"more-dots\">&#8230;<\/span><\/p>\n","protected":false},"author":19,"featured_media":10301,"comment_status":"closed","ping_status":"closed","sticky":false,"template":"","format":"standard","meta":{"footnotes":""},"categories":[2],"tags":[1825,2283,1174,32,1084,29,1175],"class_list":["post-10298","post","type-post","status-publish","format-standard","has-post-thumbnail","hentry","category-beauty","tag-do-wlosow","tag-kuracje-na-zdrowe-wlosy","tag-mgielka-do-wlosow","tag-odzywka","tag-szampon-w-kostce","tag-wlosy","tag-wlosy-latem"],"yoast_head":"<!-- This site is optimized with the Yoast SEO plugin v21.6 - https:\/\/yoast.com\/wordpress\/plugins\/seo\/ -->\n<title>Jak dba\u0107 o w\u0142osy? - Magazyn Pakamera.pl<\/title>\n<meta name=\"description\" content=\"Zastanawiasz si\u0119 jak dba\u0107 o w\u0142osy aby by\u0142y l\u015bni\u0105ce i \u0142atwe do stylizacji? Zobacz nasze porady na w\u0142osy kr\u0119cone, farbowane, blond oraz m\u0119skie.\" \/>\n<meta name=\"robots\" content=\"index, follow\" \/>\n<link rel=\"canonical\" href=\"https:\/\/www.pakamera.pl\/magazyn\/jak-dbac-o-wlosy\/\" \/>\n<meta property=\"og:locale\" content=\"pl_PL\" \/>\n<meta property=\"og:type\" content=\"article\" \/>\n<meta property=\"og:title\" content=\"Jak dba\u0107 o w\u0142osy? - Magazyn Pakamera.pl\" \/>\n<meta property=\"og:description\" content=\"Zastanawiasz si\u0119 jak dba\u0107 o w\u0142osy aby by\u0142y l\u015bni\u0105ce i \u0142atwe do stylizacji? Zobacz nasze porady na w\u0142osy kr\u0119cone, farbowane, blond oraz m\u0119skie.\" \/>\n<meta property=\"og:url\" content=\"https:\/\/www.pakamera.pl\/magazyn\/jak-dbac-o-wlosy\/\" \/>\n<meta property=\"og:site_name\" content=\"Magazyn Pakamera.pl\" \/>\n<meta property=\"article:publisher\" content=\"https:\/\/facebook.com\/pakamerapl\" \/>\n<meta property=\"article:published_time\" content=\"2024-03-27T15:54:28+00:00\" \/>\n<meta property=\"og:image\" content=\"https:\/\/imgmag.pakamera.net\/2024\/03\/jak-dbac-o-wlosy-154428565256.png\" \/>\n\t<meta property=\"og:image:width\" content=\"1600\" \/>\n\t<meta property=\"og:image:height\" content=\"840\" \/>\n\t<meta property=\"og:image:type\" content=\"image\/png\" \/>\n<meta name=\"author\" content=\"Zuzanna Szyd\u0142owska\" \/>\n<meta name=\"twitter:card\" content=\"summary_large_image\" \/>\n<meta name=\"twitter:label1\" content=\"Napisane przez\" \/>\n\t<meta name=\"twitter:data1\" content=\"Zuzanna Szyd\u0142owska\" \/>\n\t<meta name=\"twitter:label2\" content=\"Szacowany czas czytania\" \/>\n\t<meta name=\"twitter:data2\" content=\"7 minut\" \/>\n<script type=\"application\/ld+json\" class=\"yoast-schema-graph\">{\"@context\":\"https:\/\/schema.org\",\"@graph\":[{\"@type\":\"Article\",\"@id\":\"https:\/\/www.pakamera.pl\/magazyn\/jak-dbac-o-wlosy\/#article\",\"isPartOf\":{\"@id\":\"https:\/\/www.pakamera.pl\/magazyn\/jak-dbac-o-wlosy\/\"},\"author\":{\"name\":\"Zuzanna Szyd\u0142owska\",\"@id\":\"https:\/\/www.pakamera.pl\/magazyn\/#\/schema\/person\/a2333f2d1a2f1ce2d3a9e12cc00f5f73\"},\"headline\":\"Jak dba\u0107 o w\u0142osy?\",\"datePublished\":\"2024-03-27T15:54:28+00:00\",\"dateModified\":\"2024-03-27T15:54:28+00:00\",\"mainEntityOfPage\":{\"@id\":\"https:\/\/www.pakamera.pl\/magazyn\/jak-dbac-o-wlosy\/\"},\"wordCount\":1262,\"publisher\":{\"@id\":\"https:\/\/www.pakamera.pl\/magazyn\/#organization\"},\"keywords\":[\"do w\u0142os\u00f3w\",\"kuracje na zdrowe w\u0142osy\",\"mgie\u0142ka do w\u0142os\u00f3w\",\"od\u017cywka\",\"szampon w kostce\",\"w\u0142osy\",\"w\u0142osy latem\"],\"articleSection\":[\"Beauty\"],\"inLanguage\":\"pl-PL\"},{\"@type\":\"WebPage\",\"@id\":\"https:\/\/www.pakamera.pl\/magazyn\/jak-dbac-o-wlosy\/\",\"url\":\"https:\/\/www.pakamera.pl\/magazyn\/jak-dbac-o-wlosy\/\",\"name\":\"Jak dba\u0107 o w\u0142osy? - Magazyn Pakamera.pl\",\"isPartOf\":{\"@id\":\"https:\/\/www.pakamera.pl\/magazyn\/#website\"},\"datePublished\":\"2024-03-27T15:54:28+00:00\",\"dateModified\":\"2024-03-27T15:54:28+00:00\",\"description\":\"Zastanawiasz si\u0119 jak dba\u0107 o w\u0142osy aby by\u0142y l\u015bni\u0105ce i \u0142atwe do stylizacji? Zobacz nasze porady na w\u0142osy kr\u0119cone, farbowane, blond oraz m\u0119skie.\",\"breadcrumb\":{\"@id\":\"https:\/\/www.pakamera.pl\/magazyn\/jak-dbac-o-wlosy\/#breadcrumb\"},\"inLanguage\":\"pl-PL\",\"potentialAction\":[{\"@type\":\"ReadAction\",\"target\":[\"https:\/\/www.pakamera.pl\/magazyn\/jak-dbac-o-wlosy\/\"]}]},{\"@type\":\"BreadcrumbList\",\"@id\":\"https:\/\/www.pakamera.pl\/magazyn\/jak-dbac-o-wlosy\/#breadcrumb\",\"itemListElement\":[{\"@type\":\"ListItem\",\"position\":1,\"name\":\"Magazyn\",\"item\":\"https:\/\/www.pakamera.pl\/magazyn\/\"},{\"@type\":\"ListItem\",\"position\":2,\"name\":\"Beauty\",\"item\":\"https:\/\/www.pakamera.pl\/magazyn\/category\/beauty\/\"},{\"@type\":\"ListItem\",\"position\":3,\"name\":\"Jak dba\u0107 o w\u0142osy?\"}]},{\"@type\":\"WebSite\",\"@id\":\"https:\/\/www.pakamera.pl\/magazyn\/#website\",\"url\":\"https:\/\/www.pakamera.pl\/magazyn\/\",\"name\":\"Magazyn Pakamera.pl\",\"description\":\"Sprawd\u017a najgor\u0119tsze tematy sezonu!\",\"publisher\":{\"@id\":\"https:\/\/www.pakamera.pl\/magazyn\/#organization\"},\"potentialAction\":[{\"@type\":\"SearchAction\",\"target\":{\"@type\":\"EntryPoint\",\"urlTemplate\":\"https:\/\/www.pakamera.pl\/magazyn\/?s={search_term_string}\"},\"query-input\":\"required name=search_term_string\"}],\"inLanguage\":\"pl-PL\"},{\"@type\":\"Organization\",\"@id\":\"https:\/\/www.pakamera.pl\/magazyn\/#organization\",\"name\":\"Pakamera.pl\",\"url\":\"https:\/\/www.pakamera.pl\/magazyn\/\",\"logo\":{\"@type\":\"ImageObject\",\"inLanguage\":\"pl-PL\",\"@id\":\"https:\/\/www.pakamera.pl\/magazyn\/#\/schema\/logo\/image\/\",\"url\":\"https:\/\/imgmag.pakamera.net\/2023\/11\/153455466619.png\",\"contentUrl\":\"https:\/\/imgmag.pakamera.net\/2023\/11\/153455466619.png\",\"width\":690,\"height\":140,\"caption\":\"Pakamera.pl\"},\"image\":{\"@id\":\"https:\/\/www.pakamera.pl\/magazyn\/#\/schema\/logo\/image\/\"},\"sameAs\":[\"https:\/\/facebook.com\/pakamerapl\",\"https:\/\/www.instagram.com\/pakamera\/\"]},{\"@type\":\"Person\",\"@id\":\"https:\/\/www.pakamera.pl\/magazyn\/#\/schema\/person\/a2333f2d1a2f1ce2d3a9e12cc00f5f73\",\"name\":\"Zuzanna Szyd\u0142owska\",\"description\":\"Zuzia to nasza beauty ekspertka, kt\u00f3ra kocha naturalne kosmetyki i polskie marki. Potrafi dobra\u0107 odpowiedni\u0105 piel\u0119gnacj\u0119 do ka\u017cdego typu cery. Lubi obserwowa\u0107 rozw\u00f3j ma\u0142ych marek i ch\u0119tnie testuje ich produkty.\"}]}<\/script>\n<!-- \/ Yoast SEO plugin. -->","yoast_head_json":{"title":"Jak dba\u0107 o w\u0142osy? - Magazyn Pakamera.pl","description":"Zastanawiasz si\u0119 jak dba\u0107 o w\u0142osy aby by\u0142y l\u015bni\u0105ce i \u0142atwe do stylizacji? Zobacz nasze porady na w\u0142osy kr\u0119cone, farbowane, blond oraz m\u0119skie.","robots":{"index":"index","follow":"follow"},"canonical":"https:\/\/www.pakamera.pl\/magazyn\/jak-dbac-o-wlosy\/","og_locale":"pl_PL","og_type":"article","og_title":"Jak dba\u0107 o w\u0142osy? - Magazyn Pakamera.pl","og_description":"Zastanawiasz si\u0119 jak dba\u0107 o w\u0142osy aby by\u0142y l\u015bni\u0105ce i \u0142atwe do stylizacji? Zobacz nasze porady na w\u0142osy kr\u0119cone, farbowane, blond oraz m\u0119skie.","og_url":"https:\/\/www.pakamera.pl\/magazyn\/jak-dbac-o-wlosy\/","og_site_name":"Magazyn Pakamera.pl","article_publisher":"https:\/\/facebook.com\/pakamerapl","article_published_time":"2024-03-27T15:54:28+00:00","og_image":[{"width":1600,"height":840,"url":"https:\/\/imgmag.pakamera.net\/2024\/03\/jak-dbac-o-wlosy-154428565256.png","type":"image\/png"}],"author":"Zuzanna Szyd\u0142owska","twitter_card":"summary_large_image","twitter_misc":{"Napisane przez":"Zuzanna Szyd\u0142owska","Szacowany czas czytania":"7 minut"},"schema":{"@context":"https:\/\/schema.org","@graph":[{"@type":"Article","@id":"https:\/\/www.pakamera.pl\/magazyn\/jak-dbac-o-wlosy\/#article","isPartOf":{"@id":"https:\/\/www.pakamera.pl\/magazyn\/jak-dbac-o-wlosy\/"},"author":{"name":"Zuzanna Szyd\u0142owska","@id":"https:\/\/www.pakamera.pl\/magazyn\/#\/schema\/person\/a2333f2d1a2f1ce2d3a9e12cc00f5f73"},"headline":"Jak dba\u0107 o w\u0142osy?","datePublished":"2024-03-27T15:54:28+00:00","dateModified":"2024-03-27T15:54:28+00:00","mainEntityOfPage":{"@id":"https:\/\/www.pakamera.pl\/magazyn\/jak-dbac-o-wlosy\/"},"wordCount":1262,"publisher":{"@id":"https:\/\/www.pakamera.pl\/magazyn\/#organization"},"keywords":["do w\u0142os\u00f3w","kuracje na zdrowe w\u0142osy","mgie\u0142ka do w\u0142os\u00f3w","od\u017cywka","szampon w kostce","w\u0142osy","w\u0142osy latem"],"articleSection":["Beauty"],"inLanguage":"pl-PL"},{"@type":"WebPage","@id":"https:\/\/www.pakamera.pl\/magazyn\/jak-dbac-o-wlosy\/","url":"https:\/\/www.pakamera.pl\/magazyn\/jak-dbac-o-wlosy\/","name":"Jak dba\u0107 o w\u0142osy? - Magazyn Pakamera.pl","isPartOf":{"@id":"https:\/\/www.pakamera.pl\/magazyn\/#website"},"datePublished":"2024-03-27T15:54:28+00:00","dateModified":"2024-03-27T15:54:28+00:00","description":"Zastanawiasz si\u0119 jak dba\u0107 o w\u0142osy aby by\u0142y l\u015bni\u0105ce i \u0142atwe do stylizacji? Zobacz nasze porady na w\u0142osy kr\u0119cone, farbowane, blond oraz m\u0119skie.","breadcrumb":{"@id":"https:\/\/www.pakamera.pl\/magazyn\/jak-dbac-o-wlosy\/#breadcrumb"},"inLanguage":"pl-PL","potentialAction":[{"@type":"ReadAction","target":["https:\/\/www.pakamera.pl\/magazyn\/jak-dbac-o-wlosy\/"]}]},{"@type":"BreadcrumbList","@id":"https:\/\/www.pakamera.pl\/magazyn\/jak-dbac-o-wlosy\/#breadcrumb","itemListElement":[{"@type":"ListItem","position":1,"name":"Magazyn","item":"https:\/\/www.pakamera.pl\/magazyn\/"},{"@type":"ListItem","position":2,"name":"Beauty","item":"https:\/\/www.pakamera.pl\/magazyn\/category\/beauty\/"},{"@type":"ListItem","position":3,"name":"Jak dba\u0107 o w\u0142osy?"}]},{"@type":"WebSite","@id":"https:\/\/www.pakamera.pl\/magazyn\/#website","url":"https:\/\/www.pakamera.pl\/magazyn\/","name":"Magazyn Pakamera.pl","description":"Sprawd\u017a najgor\u0119tsze tematy sezonu!","publisher":{"@id":"https:\/\/www.pakamera.pl\/magazyn\/#organization"},"potentialAction":[{"@type":"SearchAction","target":{"@type":"EntryPoint","urlTemplate":"https:\/\/www.pakamera.pl\/magazyn\/?s={search_term_string}"},"query-input":"required name=search_term_string"}],"inLanguage":"pl-PL"},{"@type":"Organization","@id":"https:\/\/www.pakamera.pl\/magazyn\/#organization","name":"Pakamera.pl","url":"https:\/\/www.pakamera.pl\/magazyn\/","logo":{"@type":"ImageObject","inLanguage":"pl-PL","@id":"https:\/\/www.pakamera.pl\/magazyn\/#\/schema\/logo\/image\/","url":"https:\/\/imgmag.pakamera.net\/2023\/11\/153455466619.png","contentUrl":"https:\/\/imgmag.pakamera.net\/2023\/11\/153455466619.png","width":690,"height":140,"caption":"Pakamera.pl"},"image":{"@id":"https:\/\/www.pakamera.pl\/magazyn\/#\/schema\/logo\/image\/"},"sameAs":["https:\/\/facebook.com\/pakamerapl","https:\/\/www.instagram.com\/pakamera\/"]},{"@type":"Person","@id":"https:\/\/www.pakamera.pl\/magazyn\/#\/schema\/person\/a2333f2d1a2f1ce2d3a9e12cc00f5f73","name":"Zuzanna Szyd\u0142owska","description":"Zuzia to nasza beauty ekspertka, kt\u00f3ra kocha naturalne kosmetyki i polskie marki. Potrafi dobra\u0107 odpowiedni\u0105 piel\u0119gnacj\u0119 do ka\u017cdego typu cery. Lubi obserwowa\u0107 rozw\u00f3j ma\u0142ych marek i ch\u0119tnie testuje ich produkty."}]}},"_links":{"self":[{"href":"https:\/\/www.pakamera.pl\/magazyn\/wp-json\/wp\/v2\/posts\/10298","targetHints":{"allow":["GET"]}}],"collection":[{"href":"https:\/\/www.pakamera.pl\/magazyn\/wp-json\/wp\/v2\/posts"}],"about":[{"href":"https:\/\/www.pakamera.pl\/magazyn\/wp-json\/wp\/v2\/types\/post"}],"author":[{"embeddable":true,"href":"https:\/\/www.pakamera.pl\/magazyn\/wp-json\/wp\/v2\/users\/19"}],"replies":[{"embeddable":true,"href":"https:\/\/www.pakamera.pl\/magazyn\/wp-json\/wp\/v2\/comments?post=10298"}],"version-history":[{"count":2,"href":"https:\/\/www.pakamera.pl\/magazyn\/wp-json\/wp\/v2\/posts\/10298\/revisions"}],"predecessor-version":[{"id":10302,"href":"https:\/\/www.pakamera.pl\/magazyn\/wp-json\/wp\/v2\/posts\/10298\/revisions\/10302"}],"wp:featuredmedia":[{"embeddable":true,"href":"https:\/\/www.pakamera.pl\/magazyn\/wp-json\/wp\/v2\/media\/10301"}],"wp:attachment":[{"href":"https:\/\/www.pakamera.pl\/magazyn\/wp-json\/wp\/v2\/media?parent=10298"}],"wp:term":[{"taxonomy":"category","embeddable":true,"href":"https:\/\/www.pakamera.pl\/magazyn\/wp-json\/wp\/v2\/categories?post=10298"},{"taxonomy":"post_tag","embeddable":true,"href":"https:\/\/www.pakamera.pl\/magazyn\/wp-json\/wp\/v2\/tags?post=10298"}],"curies":[{"name":"wp","href":"https:\/\/api.w.org\/{rel}","templated":true}]}}