{"id":10291,"date":"2024-03-26T16:37:37","date_gmt":"2024-03-26T15:37:37","guid":{"rendered":"https:\/\/www.pakamera.pl\/magazyn\/?p=10291"},"modified":"2024-03-26T16:37:37","modified_gmt":"2024-03-26T15:37:37","slug":"jak-sie-ubrac-na-slub-i-wesele-w-plenerze","status":"publish","type":"post","link":"https:\/\/www.pakamera.pl\/magazyn\/jak-sie-ubrac-na-slub-i-wesele-w-plenerze\/","title":{"rendered":"Jak si\u0119 ubra\u0107 na \u015blub i wesele w plenerze?"},"content":{"rendered":"<p><strong>Coraz wi\u0119cej par planuj\u0105cych sw\u00f3j wyj\u0105tkowy dzie\u0144 decyduje si\u0119 na organizacj\u0119 \u015blubu i wesela w plenerze. Jako go\u015bcie zaproszeni na tak\u0105 uroczysto\u015b\u0107 musimy rozwa\u017cnie podj\u0105\u0107 decyzj\u0119 dotycz\u0105c\u0105 wyboru odpowiedniego stroju. Jak po\u0142\u0105czy\u0107 elegancj\u0119 z wygod\u0105? Jak nie pope\u0142ni\u0107 \u017cadnego faux-pas na \u015blubie w plenerze? Jakimi akcesoriami dope\u0142ni\u0107 nasz\u0105 stylizacj\u0119? Wiemy, \u017ce sprostanie wszystkim tym wymogom to nie lada wyzwanie. Przychodzimy Wam z pomoc\u0105!<\/strong><\/p>\n<p><!--more--><\/p>\n<figure id=\"attachment_10293\" aria-describedby=\"caption-attachment-10293\" style=\"width: 1600px\" class=\"wp-caption alignnone\"><img loading=\"lazy\" decoding=\"async\" class=\"wp-image-10293 size-full\" src=\"https:\/\/imgmag.pakamera.net\/2024\/03\/jak-sie-ubrac-na-slub-i-wesele-w-plenerze-162419913152.jpg\" alt=\"Jak si\u0119 ubra\u0107 na \u015blub i wesele w plenerze?\" width=\"1600\" height=\"840\" \/><figcaption id=\"caption-attachment-10293\" class=\"wp-caption-text\">Sukienka Kylie Lilac \/ LoliPopFashion \/ www.pakamera.pl<\/figcaption><\/figure>\n<h2>\u200b\u200bPoradnik dress code&#8217;u na \u015blub plenerowy<\/h2>\n<p>\u015aluby i wesela plenerowe z roku na rok zyskuj\u0105 na popularno\u015bci, wi\u0119c coraz cz\u0119\u015bciej nadarza nam si\u0119 okazja do zaplanowania stylizacji na tak\u0105 uroczysto\u015b\u0107. Cho\u0107 takie wydarzenie mo\u017ce mie\u0107 bardziej swobodn\u0105 atmosfer\u0119 ni\u017c tradycyjna ceremonia w ko\u015bciele czy urz\u0119dzie, nadal <strong>warto ubra\u0107 si\u0119 elegancko<\/strong>.<\/p>\n<p>Nale\u017cy pami\u0119ta\u0107 o sta\u0142ych zasadach, czyli<strong> unikaniu koloru bia\u0142ego i czarnego<\/strong> oraz zrezygnowa\u0107 ze<strong> zbyt kr\u00f3tkich i wyzywaj\u0105cych stroj\u00f3w<\/strong>. Warto r\u00f3wnie\u017c dostosowa\u0107 si\u0119 do ewentualnych wytycznych pary m\u0142odej, pod\u0105\u017caj\u0105c za ich preferencjami co do kolorystyki czy stylu, o ile takie wyrazi\u0142a przy zapraszaniu Was na wesele w plenerze.<\/p>\n<h2>\u200bStylizacje dla go\u015bci: od casualowych po eleganckie<\/h2>\n<p>Uroczysto\u015b\u0107 na \u015bwie\u017cym powietrzu pozwala na lekkie szale\u0144stwo w doborze stroju. Wiele marek modowych proponuje sporo niepowtarzalnych stylizacji, niezale\u017cnie od wieku, w jakim jeste\u015bmy. W sieci znajdziemy kreacje naprawd\u0119 dla ka\u017cdego. Znalezienie <a href=\"https:\/\/www.pakamera.pl\/sukienka-na-wesele-dla-50-latki-0-se3845.htm\" target=\"_blank\" rel=\"noopener\">sukienki na wesele dla 50 latki<\/a>, czy nawet 60 latki nie jest problemem. <strong>Sprawdz\u0105 si\u0119 lekkie, bawe\u0142niane materia\u0142y oraz kwiatowe wzory i pastelowe kolory.<\/strong><\/p>\n<p>A mo\u017ce warto zaszale\u0107 i postawi\u0107 na ekstrawaganck\u0105<a href=\"https:\/\/www.pakamera.pl\/spodnica-tiulowa-0-t31969.htm\" target=\"_blank\" rel=\"noopener\"> sp\u00f3dnic\u0119 z tiulu<\/a>? Wyb\u00f3r jest ogromny i mo\u017cemy przebiera\u0107 w najr\u00f3\u017cniejszych opcjach, poniewa\u017c na \u015blub w plenerze<strong> pasuj\u0105 zar\u00f3wno bardziej codzienne, jak i bardziej eleganckie stroje.<\/strong><\/p>\n<div id=\"pakawidget1201\" class=\"pakawidget\"><\/div>\n<p><script async defer src=\"https:\/\/www.pakamera.pl\/widget\/widget2.min.js?id=1201&#038;type=20240326161637&#038;wwidth=1000\"><\/script><\/p>\n<h2>\u200bJak dostosowa\u0107 str\u00f3j do motywu i miejsca \u015blubu?<\/h2>\n<p>Dopasowanie naszego stroju do motywu i okolicy, w jakiej odbywa si\u0119 uroczysto\u015b\u0107, pozwala<strong> stworzy\u0107 sp\u00f3jn\u0105 atmosfer\u0119<\/strong> i poczu\u0107 si\u0119 nam swobodnie podczas wydarzenia. Po otrzymaniu zaproszenia, w g\u0142owie ka\u017cdego z nas pojawia si\u0119 pytanie: <a href=\"https:\/\/www.pakamera.pl\/magazyn\/w-co-sie-ubrac-na-slub-jako-gosc\/\" target=\"_blank\" rel=\"noopener\">w co ubra\u0107 si\u0119 na wesele jako go\u015b\u0107?<\/a><\/p>\n<p>Je\u015bli odbywa si\u0119 ono na przyk\u0142ad na pla\u017cy-pami\u0119tajmy o przewiewnych lekkich tkaninach. Postaw na<strong> naturale materia\u0142y \u2013 len czy bawe\u0142n\u0119.<\/strong><br \/>\n\u015alub w bardziej nowoczesnej przestrzeni wymaga bardziej wyrafinowanej stylizacji. Dopasowane sukienki czy eleganckie garnitury b\u0119d\u0105 tu zdecydowanie lepszym wyborem.<\/p>\n<h2>\u200bWyb\u00f3r odpowiedniego obuwia na wesele w plenerze<\/h2>\n<p>Buty s\u0105 kluczowym wyborem, kiedy wybieramy si\u0119 na wesele plenerowe. To w ko\u0144cu od nich w du\u017cej mierze zale\u017cy, czy b\u0119dziemy w stanie przeta\u0144czy\u0107 ca\u0142\u0105 noc! Letnie temperatury pozwalaj\u0105 na l<strong>\u017cejsze obuwie-sanda\u0142ki na delikatnym obcasie<\/strong> sprawdz\u0105 si\u0119 tutaj idealnie. Dobrym wyborem b\u0119d\u0105 tak\u017ce<strong> delikatne baleriny czy inne eleganckie buty na p\u0142askiej podeszwie<\/strong>. Mo\u017ce co\u015b od polskiej marki ZAPATO, kt\u00f3rej mn\u00f3stwo niebanalnych propozycji znajdziesz na pakamera.pl?<\/p>\n<p>Dobierz ich kolor i styl tak, aby podkre\u015bli\u0142y zar\u00f3wno Tw\u00f3j indywidualny styl, jak i charakter ca\u0142ej stylizacji. Warto przetestowa\u0107 takie buty przed wielkim dniem, aby na pewno by\u0142y dla nas wygodne i pozwoli\u0142y na swobodn\u0105 zabaw\u0119 do bia\u0142ego rana.<\/p>\n<figure id=\"attachment_10294\" aria-describedby=\"caption-attachment-10294\" style=\"width: 1600px\" class=\"wp-caption alignnone\"><img loading=\"lazy\" decoding=\"async\" class=\"wp-image-10294 size-full\" src=\"https:\/\/imgmag.pakamera.net\/2024\/03\/jak-sie-ubrac-na-slub-i-wesele-w-plenerze-162624797070.jpg\" alt=\"Fioletowa sukienka idealna na \u015blub w plenerze\" width=\"1600\" height=\"840\" \/><figcaption id=\"caption-attachment-10294\" class=\"wp-caption-text\">Sukienka na jedno rami\u0119 z falban\u0105-rubin(K-146) \/ MAKOVER \/ www.pakamera.pl<\/figcaption><\/figure>\n<h2>\u200bAkcesoria, kt\u00f3re dope\u0142ni\u0105 Tw\u00f3j look na \u015blub plenerowy<\/h2>\n<p>Wyb\u00f3r odpowiedniej bi\u017cuterii na \u015blub w plenerze, zw\u0142aszcza do lekkiej sukienki, mo\u017ce by\u0107 kluczowy dla stworzenia kompletnego i eleganckiego looku. Doskonale sprawdz\u0105 si\u0119 tutaj <strong>delikatne naszyjniki lub klasyczne eleganckie kolczyki.<\/strong> Wiele ciekawych propozycji znajdziesz na pakamera.pl, gdzie polskie marki oferuj\u0105 fantastyczn\u0105 bi\u017cuteri\u0119. Polecamy przyjrze\u0107 si\u0119 propozycjom, kt\u00f3re oferuje mi\u0119dzy innymi ISSI jewelry.<\/p>\n<div id=\"pakawidget1202\" class=\"pakawidget\"><\/div>\n<p><script async defer src=\"https:\/\/www.pakamera.pl\/widget\/widget2.min.js?id=1202&#038;type=20240326161852&#038;wwidth=1000\"><\/script><br \/>\nRozwa\u017c tak\u017ce <strong>kwiatowe dodatki<\/strong> &#8211; \u015bwietnie pasuj\u0105 do letnich, weselnych stylizacji i s\u0105 romantycznym akcentem, kt\u00f3re doskonale wsp\u00f3\u0142graj\u0105 z lekk\u0105 i swobodn\u0105 atmosfer\u0105 plenerowego \u015blubu. Wszystkie z tych opcji b\u0119d\u0105 <a href=\"https:\/\/www.pakamera.pl\/magazyn\/odkryj-idealna-bizuterie-do-rozowej-sukienki-podpowiedzi-i-inspiracje\/\" target=\"_blank\" rel=\"noopener\">bi\u017cuteri\u0105 pasuj\u0105c\u0105 do ka\u017cdej sukienki r\u00f3\u017cowej<\/a>, b\u0142\u0119kitnej czy innej w pastelowej barwie.<\/p>\n<p>Cz\u0119stym wyborem latem s\u0105 <strong>kreacje ods\u0142aniaj\u0105ce ramiona<\/strong> &#8211; wtedy mo\u017cesz postawi\u0107 na bardziej <strong>oryginalny naszyjnik<\/strong>, kt\u00f3ry przyci\u0105gnie sob\u0105 uwag\u0119. Wiele polskich marek modowych tworzy idealn\u0105 <a href=\"https:\/\/www.pakamera.pl\/magazyn\/odkryj-idealna-bizuterie-do-sukienki-bez-dekoltu-podpowiedzi-i-inspiracje\/\" target=\"_blank\" rel=\"noopener\">bi\u017cuteri\u0119 do sukienek bez dekoltu.<\/a><\/p>\n<p>Komponuj\u0105c stylizacj\u0119 na \u015blub i wesele w plenerze, pami\u0119taj o zachowaniu r\u00f3wnowagi i odpowiedniej subtelno\u015bci. Postaw na kroje, w kt\u00f3rych czujesz si\u0119 swobodnie. Dobierz do nich akcesoria, kt\u00f3re b\u0119d\u0105 uzupe\u0142nieniem ca\u0142ej stylizacji. Podkre\u015bl\u0105 one jej<strong> romantyczny charakter<\/strong>, ale nie b\u0119d\u0105 nad ni\u0105 dominowa\u0107. Pami\u0119taj\u0105c o tych regu\u0142ach, z pewno\u015bci\u0105 prze\u017cyjesz wyj\u0105tkow\u0105 i niezapomnian\u0105 ceremoni\u0119.<\/p>\n","protected":false},"excerpt":{"rendered":"<p>Coraz wi\u0119cej par planuj\u0105cych sw\u00f3j wyj\u0105tkowy dzie\u0144 decyduje si\u0119 na organizacj\u0119 \u015blubu i wesela w plenerze. Jako go\u015bcie zaproszeni na tak\u0105 uroczysto\u015b\u0107 musimy rozwa\u017cnie podj\u0105\u0107 decyzj\u0119 dotycz\u0105c\u0105 wyboru odpowiedniego stroju.<span class=\"more-dots\">&#8230;<\/span><\/p>\n","protected":false},"author":16,"featured_media":10293,"comment_status":"closed","ping_status":"closed","sticky":false,"template":"","format":"standard","meta":{"footnotes":""},"categories":[3],"tags":[136,1969,132,2201],"class_list":["post-10291","post","type-post","status-publish","format-standard","has-post-thumbnail","hentry","category-moda","tag-modna-sukienka-na-wesele","tag-slub-w-plenerze","tag-sukienka-na-wesele","tag-tiulowa-spodniczka"],"yoast_head":"<!-- This site is optimized with the Yoast SEO plugin v21.6 - https:\/\/yoast.com\/wordpress\/plugins\/seo\/ -->\n<title>Jak si\u0119 ubra\u0107 na \u015blub i wesele w plenerze? - Magazyn Pakamera.pl<\/title>\n<meta name=\"description\" content=\"Je\u015bli zastanawiasz si\u0119 jak ubra\u0107 si\u0119 na wesele w plenerze przeczytaj nasze podpowiedzi, kt\u00f3re pomog\u0105 Ci stworzy\u0107 idealn\u0105 stylizacj\u0119.\" \/>\n<meta name=\"robots\" content=\"index, follow\" \/>\n<link rel=\"canonical\" href=\"https:\/\/www.pakamera.pl\/magazyn\/jak-sie-ubrac-na-slub-i-wesele-w-plenerze\/\" \/>\n<meta property=\"og:locale\" content=\"pl_PL\" \/>\n<meta property=\"og:type\" content=\"article\" \/>\n<meta property=\"og:title\" content=\"Jak si\u0119 ubra\u0107 na \u015blub i wesele w plenerze? - Magazyn Pakamera.pl\" \/>\n<meta property=\"og:description\" content=\"Je\u015bli zastanawiasz si\u0119 jak ubra\u0107 si\u0119 na wesele w plenerze przeczytaj nasze podpowiedzi, kt\u00f3re pomog\u0105 Ci stworzy\u0107 idealn\u0105 stylizacj\u0119.\" \/>\n<meta property=\"og:url\" content=\"https:\/\/www.pakamera.pl\/magazyn\/jak-sie-ubrac-na-slub-i-wesele-w-plenerze\/\" \/>\n<meta property=\"og:site_name\" content=\"Magazyn Pakamera.pl\" \/>\n<meta property=\"article:publisher\" content=\"https:\/\/facebook.com\/pakamerapl\" \/>\n<meta property=\"article:published_time\" content=\"2024-03-26T15:37:37+00:00\" \/>\n<meta property=\"og:image\" content=\"https:\/\/imgmag.pakamera.net\/2024\/03\/jak-sie-ubrac-na-slub-i-wesele-w-plenerze-162419913152.jpg\" \/>\n\t<meta property=\"og:image:width\" content=\"1600\" \/>\n\t<meta property=\"og:image:height\" content=\"840\" \/>\n\t<meta property=\"og:image:type\" content=\"image\/jpeg\" \/>\n<meta name=\"author\" content=\"Magda Strzelecka\" \/>\n<meta name=\"twitter:card\" content=\"summary_large_image\" \/>\n<meta name=\"twitter:label1\" content=\"Napisane przez\" \/>\n\t<meta name=\"twitter:data1\" content=\"Magda Strzelecka\" \/>\n\t<meta name=\"twitter:label2\" content=\"Szacowany czas czytania\" \/>\n\t<meta name=\"twitter:data2\" content=\"5 minut\" \/>\n<script type=\"application\/ld+json\" class=\"yoast-schema-graph\">{\"@context\":\"https:\/\/schema.org\",\"@graph\":[{\"@type\":\"Article\",\"@id\":\"https:\/\/www.pakamera.pl\/magazyn\/jak-sie-ubrac-na-slub-i-wesele-w-plenerze\/#article\",\"isPartOf\":{\"@id\":\"https:\/\/www.pakamera.pl\/magazyn\/jak-sie-ubrac-na-slub-i-wesele-w-plenerze\/\"},\"author\":{\"name\":\"Magda Strzelecka\",\"@id\":\"https:\/\/www.pakamera.pl\/magazyn\/#\/schema\/person\/375940ab821c5af50e1e31f1ec5282b5\"},\"headline\":\"Jak si\u0119 ubra\u0107 na \u015blub i wesele w plenerze?\",\"datePublished\":\"2024-03-26T15:37:37+00:00\",\"dateModified\":\"2024-03-26T15:37:37+00:00\",\"mainEntityOfPage\":{\"@id\":\"https:\/\/www.pakamera.pl\/magazyn\/jak-sie-ubrac-na-slub-i-wesele-w-plenerze\/\"},\"wordCount\":803,\"publisher\":{\"@id\":\"https:\/\/www.pakamera.pl\/magazyn\/#organization\"},\"keywords\":[\"modna sukienka na wesele\",\"\u015blub w plenerze\",\"sukienka na wesele\",\"tiulowa sp\u00f3dniczka\"],\"articleSection\":[\"Moda\"],\"inLanguage\":\"pl-PL\"},{\"@type\":\"WebPage\",\"@id\":\"https:\/\/www.pakamera.pl\/magazyn\/jak-sie-ubrac-na-slub-i-wesele-w-plenerze\/\",\"url\":\"https:\/\/www.pakamera.pl\/magazyn\/jak-sie-ubrac-na-slub-i-wesele-w-plenerze\/\",\"name\":\"Jak si\u0119 ubra\u0107 na \u015blub i wesele w plenerze? - Magazyn Pakamera.pl\",\"isPartOf\":{\"@id\":\"https:\/\/www.pakamera.pl\/magazyn\/#website\"},\"datePublished\":\"2024-03-26T15:37:37+00:00\",\"dateModified\":\"2024-03-26T15:37:37+00:00\",\"description\":\"Je\u015bli zastanawiasz si\u0119 jak ubra\u0107 si\u0119 na wesele w plenerze przeczytaj nasze podpowiedzi, kt\u00f3re pomog\u0105 Ci stworzy\u0107 idealn\u0105 stylizacj\u0119.\",\"breadcrumb\":{\"@id\":\"https:\/\/www.pakamera.pl\/magazyn\/jak-sie-ubrac-na-slub-i-wesele-w-plenerze\/#breadcrumb\"},\"inLanguage\":\"pl-PL\",\"potentialAction\":[{\"@type\":\"ReadAction\",\"target\":[\"https:\/\/www.pakamera.pl\/magazyn\/jak-sie-ubrac-na-slub-i-wesele-w-plenerze\/\"]}]},{\"@type\":\"BreadcrumbList\",\"@id\":\"https:\/\/www.pakamera.pl\/magazyn\/jak-sie-ubrac-na-slub-i-wesele-w-plenerze\/#breadcrumb\",\"itemListElement\":[{\"@type\":\"ListItem\",\"position\":1,\"name\":\"Magazyn\",\"item\":\"https:\/\/www.pakamera.pl\/magazyn\/\"},{\"@type\":\"ListItem\",\"position\":2,\"name\":\"Moda\",\"item\":\"https:\/\/www.pakamera.pl\/magazyn\/category\/moda\/\"},{\"@type\":\"ListItem\",\"position\":3,\"name\":\"Jak si\u0119 ubra\u0107 na \u015blub i wesele w plenerze?\"}]},{\"@type\":\"WebSite\",\"@id\":\"https:\/\/www.pakamera.pl\/magazyn\/#website\",\"url\":\"https:\/\/www.pakamera.pl\/magazyn\/\",\"name\":\"Magazyn Pakamera.pl\",\"description\":\"Sprawd\u017a najgor\u0119tsze tematy sezonu!\",\"publisher\":{\"@id\":\"https:\/\/www.pakamera.pl\/magazyn\/#organization\"},\"potentialAction\":[{\"@type\":\"SearchAction\",\"target\":{\"@type\":\"EntryPoint\",\"urlTemplate\":\"https:\/\/www.pakamera.pl\/magazyn\/?s={search_term_string}\"},\"query-input\":\"required name=search_term_string\"}],\"inLanguage\":\"pl-PL\"},{\"@type\":\"Organization\",\"@id\":\"https:\/\/www.pakamera.pl\/magazyn\/#organization\",\"name\":\"Pakamera.pl\",\"url\":\"https:\/\/www.pakamera.pl\/magazyn\/\",\"logo\":{\"@type\":\"ImageObject\",\"inLanguage\":\"pl-PL\",\"@id\":\"https:\/\/www.pakamera.pl\/magazyn\/#\/schema\/logo\/image\/\",\"url\":\"https:\/\/imgmag.pakamera.net\/2023\/11\/153455466619.png\",\"contentUrl\":\"https:\/\/imgmag.pakamera.net\/2023\/11\/153455466619.png\",\"width\":690,\"height\":140,\"caption\":\"Pakamera.pl\"},\"image\":{\"@id\":\"https:\/\/www.pakamera.pl\/magazyn\/#\/schema\/logo\/image\/\"},\"sameAs\":[\"https:\/\/facebook.com\/pakamerapl\",\"https:\/\/www.instagram.com\/pakamera\/\"]},{\"@type\":\"Person\",\"@id\":\"https:\/\/www.pakamera.pl\/magazyn\/#\/schema\/person\/375940ab821c5af50e1e31f1ec5282b5\",\"name\":\"Magda Strzelecka\",\"description\":\"Magda to nasza stylistka, kt\u00f3ra od ponad 10 lat \u015bci\u015ble zwi\u0105zana jest z mod\u0105. Uwielbia \u015bledzi\u0107 \u015bwiatowe trendy i przek\u0142ada\u0107 je na rynek polski. Kocha dobre sk\u0142ady ubra\u0144, wyj\u0105tkow\u0105 bi\u017cuteri\u0119 i dodatki kt\u00f3re o\u017cywi\u0105 ka\u017cd\u0105 stylizacj\u0119.\"}]}<\/script>\n<!-- \/ Yoast SEO plugin. -->","yoast_head_json":{"title":"Jak si\u0119 ubra\u0107 na \u015blub i wesele w plenerze? - Magazyn Pakamera.pl","description":"Je\u015bli zastanawiasz si\u0119 jak ubra\u0107 si\u0119 na wesele w plenerze przeczytaj nasze podpowiedzi, kt\u00f3re pomog\u0105 Ci stworzy\u0107 idealn\u0105 stylizacj\u0119.","robots":{"index":"index","follow":"follow"},"canonical":"https:\/\/www.pakamera.pl\/magazyn\/jak-sie-ubrac-na-slub-i-wesele-w-plenerze\/","og_locale":"pl_PL","og_type":"article","og_title":"Jak si\u0119 ubra\u0107 na \u015blub i wesele w plenerze? - Magazyn Pakamera.pl","og_description":"Je\u015bli zastanawiasz si\u0119 jak ubra\u0107 si\u0119 na wesele w plenerze przeczytaj nasze podpowiedzi, kt\u00f3re pomog\u0105 Ci stworzy\u0107 idealn\u0105 stylizacj\u0119.","og_url":"https:\/\/www.pakamera.pl\/magazyn\/jak-sie-ubrac-na-slub-i-wesele-w-plenerze\/","og_site_name":"Magazyn Pakamera.pl","article_publisher":"https:\/\/facebook.com\/pakamerapl","article_published_time":"2024-03-26T15:37:37+00:00","og_image":[{"width":1600,"height":840,"url":"https:\/\/imgmag.pakamera.net\/2024\/03\/jak-sie-ubrac-na-slub-i-wesele-w-plenerze-162419913152.jpg","type":"image\/jpeg"}],"author":"Magda Strzelecka","twitter_card":"summary_large_image","twitter_misc":{"Napisane przez":"Magda Strzelecka","Szacowany czas czytania":"5 minut"},"schema":{"@context":"https:\/\/schema.org","@graph":[{"@type":"Article","@id":"https:\/\/www.pakamera.pl\/magazyn\/jak-sie-ubrac-na-slub-i-wesele-w-plenerze\/#article","isPartOf":{"@id":"https:\/\/www.pakamera.pl\/magazyn\/jak-sie-ubrac-na-slub-i-wesele-w-plenerze\/"},"author":{"name":"Magda Strzelecka","@id":"https:\/\/www.pakamera.pl\/magazyn\/#\/schema\/person\/375940ab821c5af50e1e31f1ec5282b5"},"headline":"Jak si\u0119 ubra\u0107 na \u015blub i wesele w plenerze?","datePublished":"2024-03-26T15:37:37+00:00","dateModified":"2024-03-26T15:37:37+00:00","mainEntityOfPage":{"@id":"https:\/\/www.pakamera.pl\/magazyn\/jak-sie-ubrac-na-slub-i-wesele-w-plenerze\/"},"wordCount":803,"publisher":{"@id":"https:\/\/www.pakamera.pl\/magazyn\/#organization"},"keywords":["modna sukienka na wesele","\u015blub w plenerze","sukienka na wesele","tiulowa sp\u00f3dniczka"],"articleSection":["Moda"],"inLanguage":"pl-PL"},{"@type":"WebPage","@id":"https:\/\/www.pakamera.pl\/magazyn\/jak-sie-ubrac-na-slub-i-wesele-w-plenerze\/","url":"https:\/\/www.pakamera.pl\/magazyn\/jak-sie-ubrac-na-slub-i-wesele-w-plenerze\/","name":"Jak si\u0119 ubra\u0107 na \u015blub i wesele w plenerze? - Magazyn Pakamera.pl","isPartOf":{"@id":"https:\/\/www.pakamera.pl\/magazyn\/#website"},"datePublished":"2024-03-26T15:37:37+00:00","dateModified":"2024-03-26T15:37:37+00:00","description":"Je\u015bli zastanawiasz si\u0119 jak ubra\u0107 si\u0119 na wesele w plenerze przeczytaj nasze podpowiedzi, kt\u00f3re pomog\u0105 Ci stworzy\u0107 idealn\u0105 stylizacj\u0119.","breadcrumb":{"@id":"https:\/\/www.pakamera.pl\/magazyn\/jak-sie-ubrac-na-slub-i-wesele-w-plenerze\/#breadcrumb"},"inLanguage":"pl-PL","potentialAction":[{"@type":"ReadAction","target":["https:\/\/www.pakamera.pl\/magazyn\/jak-sie-ubrac-na-slub-i-wesele-w-plenerze\/"]}]},{"@type":"BreadcrumbList","@id":"https:\/\/www.pakamera.pl\/magazyn\/jak-sie-ubrac-na-slub-i-wesele-w-plenerze\/#breadcrumb","itemListElement":[{"@type":"ListItem","position":1,"name":"Magazyn","item":"https:\/\/www.pakamera.pl\/magazyn\/"},{"@type":"ListItem","position":2,"name":"Moda","item":"https:\/\/www.pakamera.pl\/magazyn\/category\/moda\/"},{"@type":"ListItem","position":3,"name":"Jak si\u0119 ubra\u0107 na \u015blub i wesele w plenerze?"}]},{"@type":"WebSite","@id":"https:\/\/www.pakamera.pl\/magazyn\/#website","url":"https:\/\/www.pakamera.pl\/magazyn\/","name":"Magazyn Pakamera.pl","description":"Sprawd\u017a najgor\u0119tsze tematy sezonu!","publisher":{"@id":"https:\/\/www.pakamera.pl\/magazyn\/#organization"},"potentialAction":[{"@type":"SearchAction","target":{"@type":"EntryPoint","urlTemplate":"https:\/\/www.pakamera.pl\/magazyn\/?s={search_term_string}"},"query-input":"required name=search_term_string"}],"inLanguage":"pl-PL"},{"@type":"Organization","@id":"https:\/\/www.pakamera.pl\/magazyn\/#organization","name":"Pakamera.pl","url":"https:\/\/www.pakamera.pl\/magazyn\/","logo":{"@type":"ImageObject","inLanguage":"pl-PL","@id":"https:\/\/www.pakamera.pl\/magazyn\/#\/schema\/logo\/image\/","url":"https:\/\/imgmag.pakamera.net\/2023\/11\/153455466619.png","contentUrl":"https:\/\/imgmag.pakamera.net\/2023\/11\/153455466619.png","width":690,"height":140,"caption":"Pakamera.pl"},"image":{"@id":"https:\/\/www.pakamera.pl\/magazyn\/#\/schema\/logo\/image\/"},"sameAs":["https:\/\/facebook.com\/pakamerapl","https:\/\/www.instagram.com\/pakamera\/"]},{"@type":"Person","@id":"https:\/\/www.pakamera.pl\/magazyn\/#\/schema\/person\/375940ab821c5af50e1e31f1ec5282b5","name":"Magda Strzelecka","description":"Magda to nasza stylistka, kt\u00f3ra od ponad 10 lat \u015bci\u015ble zwi\u0105zana jest z mod\u0105. Uwielbia \u015bledzi\u0107 \u015bwiatowe trendy i przek\u0142ada\u0107 je na rynek polski. Kocha dobre sk\u0142ady ubra\u0144, wyj\u0105tkow\u0105 bi\u017cuteri\u0119 i dodatki kt\u00f3re o\u017cywi\u0105 ka\u017cd\u0105 stylizacj\u0119."}]}},"_links":{"self":[{"href":"https:\/\/www.pakamera.pl\/magazyn\/wp-json\/wp\/v2\/posts\/10291","targetHints":{"allow":["GET"]}}],"collection":[{"href":"https:\/\/www.pakamera.pl\/magazyn\/wp-json\/wp\/v2\/posts"}],"about":[{"href":"https:\/\/www.pakamera.pl\/magazyn\/wp-json\/wp\/v2\/types\/post"}],"author":[{"embeddable":true,"href":"https:\/\/www.pakamera.pl\/magazyn\/wp-json\/wp\/v2\/users\/16"}],"replies":[{"embeddable":true,"href":"https:\/\/www.pakamera.pl\/magazyn\/wp-json\/wp\/v2\/comments?post=10291"}],"version-history":[{"count":3,"href":"https:\/\/www.pakamera.pl\/magazyn\/wp-json\/wp\/v2\/posts\/10291\/revisions"}],"predecessor-version":[{"id":10297,"href":"https:\/\/www.pakamera.pl\/magazyn\/wp-json\/wp\/v2\/posts\/10291\/revisions\/10297"}],"wp:featuredmedia":[{"embeddable":true,"href":"https:\/\/www.pakamera.pl\/magazyn\/wp-json\/wp\/v2\/media\/10293"}],"wp:attachment":[{"href":"https:\/\/www.pakamera.pl\/magazyn\/wp-json\/wp\/v2\/media?parent=10291"}],"wp:term":[{"taxonomy":"category","embeddable":true,"href":"https:\/\/www.pakamera.pl\/magazyn\/wp-json\/wp\/v2\/categories?post=10291"},{"taxonomy":"post_tag","embeddable":true,"href":"https:\/\/www.pakamera.pl\/magazyn\/wp-json\/wp\/v2\/tags?post=10291"}],"curies":[{"name":"wp","href":"https:\/\/api.w.org\/{rel}","templated":true}]}}