{"id":10120,"date":"2024-03-05T10:57:59","date_gmt":"2024-03-05T09:57:59","guid":{"rendered":"https:\/\/www.pakamera.pl\/magazyn\/?p=10120"},"modified":"2025-03-03T15:02:03","modified_gmt":"2025-03-03T14:02:03","slug":"slow-fashion-vs-fast-fashion-dlaczego-warto-wybierac-swiadomie","status":"publish","type":"post","link":"https:\/\/www.pakamera.pl\/magazyn\/slow-fashion-vs-fast-fashion-dlaczego-warto-wybierac-swiadomie\/","title":{"rendered":"Slow fashion vs. fast fashion: Dlaczego warto wybiera\u0107 \u015bwiadomie?"},"content":{"rendered":"<p><strong>\u015awiatowe marki odzie\u017cowe prze\u015bcigaj\u0105 si\u0119 w zdobywaniu klient\u00f3w i produkuj\u0105 przy tym ogromne ilo\u015bci ubra\u0144, chc\u0105c wpasowa\u0107 si\u0119 w najnowsze trendy. Niestety, ilo\u015b\u0107 nie zawsze idzie w parze z jako\u015bci\u0105, kt\u00f3ra w tym przypadku bywa bardzo s\u0142aba. W opozycji do fast fashion stoi slow fashion, kt\u00f3re zyskuje coraz wi\u0119cej \u015bwiadomych klient\u00f3w.<\/strong><\/p>\n<p><!--more--><\/p>\n<figure id=\"attachment_10123\" aria-describedby=\"caption-attachment-10123\" style=\"width: 1600px\" class=\"wp-caption alignnone\"><img loading=\"lazy\" decoding=\"async\" class=\"wp-image-10123 size-full\" src=\"https:\/\/imgmag.pakamera.net\/2024\/03\/slow-fashion-vs-fast-fashion-dlaczego-warto-wybierac-swiadomie-164541179297.jpg\" alt=\"Slow fashion vs. fast fashion: Dlaczego warto wybiera\u0107 \u015bwiadomie?\" width=\"1600\" height=\"840\" \/><figcaption id=\"caption-attachment-10123\" class=\"wp-caption-text\">KOSZULA LNIANA TYPU oversize \/ dollina \/ www.pakamera.pl<\/figcaption><\/figure>\n<p>Dlaczego lepiej wybra\u0107 \u015bwiadome podej\u015bcie do kupowania?<\/p>\n<h2>Co to jest slow fashion i fast fashion? &#8211; Definicje i r\u00f3\u017cnice<\/h2>\n<p>Na pocz\u0105tek okre\u015blmy, czym w\u0142a\u015bciwie s\u0105 te dwa podej\u015bcia do mody. <strong>Fast fashion to najpro\u015bciej m\u00f3wi\u0105c szybka <\/strong><a href=\"https:\/\/www.pakamera.pl\/bluzki-koszule-0-2950.htm\" target=\"_blank\" rel=\"noopener\">koszula damska<\/a><strong> i m\u0119ska, kt\u00f3ra opiera si\u0119 na produkowaniu ubra\u0144 inspirowanych najnowszymi trendami wprost z wybieg\u00f3w mody, ale w szybkim czasie i po kosztach<\/strong>. Konsumenci w b\u0142yskawicznym czasie otrzymuj\u0105 to, co jest modne, ale b\u0142yskawiczna produkcja nie pozostaje oboj\u0119tna dla \u015brodowiska. W \u015bwiecie fast fashion konsument mo\u017ce mie\u0107 w swojej garderobie kopie ubra\u0144 projektowanych przez znane nazwiska, ale jako\u015b\u0107 poliestrowych sukienek, bluzek czy kombinezon\u00f3w sprawia, \u017ce po kilku praniach nie nadaj\u0105 si\u0119 one do noszenia.<\/p>\n<p>W opozycji mamy<strong> slow fashion, kt\u00f3re jest bardziej przyjazne z punktu ekologicznego i opiera si\u0119 na m\u0105drym podej\u015bciu do mody<\/strong>. Projektanci <strong>skupiaj\u0105 si\u0119 przede wszystkim na jako\u015bci realizowanych projekt\u00f3w<\/strong> i <strong>zapewnieniu pracownikom odpowiednich warunk\u00f3w pracy<\/strong>. W przeciwie\u0144stwie do fast fashion obserwujemy tu <strong>wsparcie lokalnych producent\u00f3w<\/strong> i tworzenie ubra\u0144, kt\u00f3re maj\u0105 s\u0142u\u017cy\u0107 klientowi przez kilka lat. Marki slow fashion wybieraj\u0105 <strong>ponadczasowe wzory i fasony<\/strong>, kt\u00f3re pozostaj\u0105 w modzie d\u0142u\u017cej ni\u017c tylko przez jeden sezon.<\/p>\n<div id=\"pakawidget1144\" class=\"pakawidget\"><\/div>\n<p><script async defer src=\"https:\/\/www.pakamera.pl\/widget\/widget2.min.js?id=1144&#038;type=20240304165534&#038;wwidth=1000\"><\/script><\/p>\n<h2>Dlaczego slow fashion zyskuje na popularno\u015bci? &#8211; znaczenie \u015bwiadomych wybor\u00f3w<\/h2>\n<p>Ekologia to istotny element naszego \u017cycia i obejmuje nie tylko bran\u017c\u0119 modow\u0105. <strong>Konsumenci coraz cz\u0119\u015bciej wybieraj\u0105 zdrowe produkty<\/strong>, r<strong>ezygnuj\u0105c tym samym z plastikowych<\/strong> s\u0142omek czy opakowa\u0144. Natomiast <strong>szkodliwe kosmetyki zast\u0119puj\u0105 naturalnymi sk\u0142adnikami<\/strong>, a to wszystko w trosce o \u015brodowisko.<\/p>\n<p>\u015awiadome wybory dotycz\u0105 tak\u017ce naszych szaf, w kt\u00f3rych cz\u0119sto znajduje si\u0119 zbyt wiele ubra\u0144 \u2014 nienoszonych od kilku sezon\u00f3w. <strong>Za fast fashion kryje si\u0119 cz\u0119sto niewolnicza praca nieletnich, wyzysk i niebezpieczne warunki pracy w azjatyckich fabrykach<\/strong>. Na szcz\u0119\u015bcie <strong>dzi\u0119ki \u015bwiadomym decyzjom jeste\u015bmy w stanie w jakim\u015b stopniu zminimalizowa\u0107 ten przykry proceder<\/strong>. Szerzenie w tym zakresie \u015bwiadomo\u015bci przez osoby mniej i bardziej znane, zach\u0119ca do zmiany codziennych nawyk\u00f3w i robienia ma\u0142ych krok\u00f3w w kierunku dba\u0142o\u015bci o nasz\u0105 planet\u0119.<\/p>\n<figure id=\"attachment_10122\" aria-describedby=\"caption-attachment-10122\" style=\"width: 1600px\" class=\"wp-caption alignnone\"><img loading=\"lazy\" decoding=\"async\" class=\"wp-image-10122 size-full\" src=\"https:\/\/imgmag.pakamera.net\/2024\/03\/slow-fashion-vs-fast-fashion-dlaczego-warto-wybierac-swiadomie-164531351596.jpg\" alt=\"we\u0142niana sp\u00f3dniczka w duchu slow fashion\" width=\"1600\" height=\"840\" \/><figcaption id=\"caption-attachment-10122\" class=\"wp-caption-text\">We\u0142niana sp\u00f3dniczka mini, GRAY-PINK MAGNOLIA \/ Yanowska \/ www.pakamera.pl<\/figcaption><\/figure>\n<h2>Jakie s\u0105 negatywne konsekwencje fast fashion? &#8211; wp\u0142yw na \u015brodowisko i spo\u0142ecze\u0144stwo<\/h2>\n<p>To \u017cadna tajemnica, \u017ce <strong>szybka moda oddzia\u0142uje negatywnie na \u015brodowisko<\/strong>. Mowa tu o <strong>pozostawianiu \u015bladu w\u0119glowego podczas produkcji ubra\u0144<\/strong> \u2014 zw\u0142aszcza poliestru. Niestety te liczby ci\u0105gle rosn\u0105. Fast fashion marki chc\u0105c <strong>uzyska\u0107 jak najwi\u0119ksz\u0105 ilo\u015b\u0107 towaru, wybieraj\u0105 s\u0142abej jako\u015bci materia\u0142y<\/strong>, kt\u00f3re niestety nie ulegaj\u0105 rozk\u0142adowi. Jakie s\u0105 inne negatywne skutki fast fashion?<\/p>\n<ul>\n<li><strong>Zagro\u017cenie \u017cycia zwierz\u0105t<\/strong> &#8211; mikroplastik przedostaje si\u0119 do \u015brodowiska naturalnego r\u00f3\u017cnymi drogami i wp\u0142ywa negatywnie na egzystencj\u0119 zwierz\u0105t.<\/li>\n<li><strong>Zanieczyszczenie w\u00f3d<\/strong> &#8211; wystarczy upra\u0107 poliestrow\u0105 bluzk\u0119, \u017ceby zobaczy\u0107 ile farby puszcza materia\u0142 w czasie p\u0142ukania. <strong>Podczas prania, male\u0144kie mikrow\u0142\u00f3kna trafiaj\u0105 do oceanu<\/strong>, a nast\u0119pnie do \u017co\u0142\u0105dk\u00f3w zwierz\u0105t. Niestety <strong>wiele rzek i jezior jest zanieczyszczonych przez odpady przemys\u0142u tekstylnego<\/strong>.<\/li>\n<li><strong>Nadmierny konsumpcjonizm<\/strong> &#8211; \u015bwiat mody i wszechobecne reklamy wywieraj\u0105 na konsumentach swego rodzaju presj\u0119, przez co <strong>odczuwamy ci\u0105g\u0142\u0105 potrzeb\u0119 kupowania, a to z kolei mo\u017ce doprowadzi\u0107 do zakupoholizmu<\/strong>.<\/li>\n<\/ul>\n<h2>Zalety slow fashion &#8211; dlaczego warto wybiera\u0107 jako\u015b\u0107 nad ilo\u015b\u0107?<\/h2>\n<p>Dlaczego warto wybiera\u0107 slow fashion marki? Oto najwa\u017cniejsze powody:<\/p>\n<ul>\n<li><strong>Wsparcie lokalnych producent\u00f3w<\/strong> i ma\u0142ych przedsi\u0119biorstw odzie\u017cowych.<\/li>\n<li><strong>Wysoka jako\u015b\u0107 oferowanych materia\u0142\u00f3w<\/strong> naturalnych (organiczna bawe\u0142na, konopie, len), kt\u00f3re s\u0105 odporne na szybkie zu\u017cycie.<\/li>\n<li>Dba\u0142o\u015b\u0107 o ochron\u0119 \u015brodowiska \u2014 <strong>mniejsza ilo\u015b\u0107 odpad\u00f3w<\/strong>.<\/li>\n<li><strong>Dobre warunki pracy<\/strong>.<\/li>\n<li><strong>Wykorzystywanie materia\u0142\u00f3w z recyklingu<\/strong>.<\/li>\n<\/ul>\n<h2>Przyk\u0142ady marek slow fashion &#8211; gdzie szuka\u0107 \u015bwiadomej mody?<\/h2>\n<p>Dost\u0119p do marek slow fashion nie jest utrudniony, poniewa\u017c online mo\u017cemy dosta\u0107 tak naprawd\u0119 wszystko, czego dusza zapragnie. Coraz wi\u0119cej <a href=\"https:\/\/www.pakamera.pl\/shops.php\" target=\"_blank\" rel=\"noopener\">polskich marek<\/a> odzie\u017cowych decyduje si\u0119 przej\u015b\u0107 na slow fashion proponuj\u0105c klientom <strong>dobr\u0105 jako\u015b\u0107 w przyst\u0119pnej cenie<\/strong>. W jakich sklepach szuka\u0107 \u015bwiadomej mody? <strong>Na stronie pakamera.pl znajdziecie polskie marki odzie\u017cowe, kt\u00f3re stawiaj\u0105 na projekty \u015bwietnej jako\u015bci i w oryginalnych fasonach<\/strong>, m.in:<\/p>\n<ul>\n<li>marka <strong>Hedonism<\/strong><\/li>\n<li>polska marka z Warszawy <strong>RISK MADE IN WARSAW<\/strong><\/li>\n<li>marka z akcesoriami sk\u00f3rzanymi i nie tylko <strong>Bellera<\/strong><\/li>\n<li>marka tworz\u0105ca produkty ze sk\u00f3ry <strong>JOHN &amp; MARY<\/strong><\/li>\n<\/ul>\n<h2>Jak przej\u015b\u0107 na slow fashion? &#8211; Praktyczne porady dla konsument\u00f3w<\/h2>\n<p>\u017beby przej\u015b\u0107 na mod\u0119 slow fashion, <strong>trzeba zacz\u0105\u0107 od refleksji i zastanowienia si\u0119<\/strong>, czy ubrania, kt\u00f3re kupujemy: pasuj\u0105 do naszej figury, trafiaj\u0105 w nasz gust i czy naprawd\u0119 ich potrzebujemy. Kompletuj\u0105c garderob\u0119, <strong>nale\u017cy dobrze przemy\u015ble\u0107, jakiej odzie\u017cy nam brakuje<\/strong>, a potem <strong>wybra\u0107 dobrej jako\u015bci materia\u0142y<\/strong>. Dobrym posuni\u0119ciem b\u0119dzie r\u00f3wnie\u017c <strong>zrobienie porz\u0105dk\u00f3w w szafie, czyli segregacja ubra\u0144<\/strong> i oddanie rzeczy, kt\u00f3rych ju\u017c nie potrzebujemy.<\/p>\n<p><strong>Podczas zakup\u00f3w sprawdzaj etykiety i wybieraj naturalne materia\u0142y<\/strong>, kt\u00f3rych wyprodukowanie nie ma negatywnego wp\u0142ywu na \u015brodowisko. Masz w swojej szafie kilka takich samych bluzek? <strong>Zastan\u00f3w si\u0119, czy potrzebujesz ich wszystkich<\/strong>. Je\u015bli ubranie si\u0119 potarga\u0142o lub poplami\u0142o \u2014 s<strong>pr\u00f3buj naprawi\u0107 szkody, zamiast od razu wyrzuca\u0107<\/strong>, a potem kupowa\u0107 nowe.<\/p>\n<p><strong>Zmiana nastawienia do zakup\u00f3w to pierwszy krok do sukcesu!<\/strong><\/p>\n","protected":false},"excerpt":{"rendered":"<p>\u015awiatowe marki odzie\u017cowe prze\u015bcigaj\u0105 si\u0119 w zdobywaniu klient\u00f3w i produkuj\u0105 przy tym ogromne ilo\u015bci ubra\u0144, chc\u0105c wpasowa\u0107 si\u0119 w najnowsze trendy. Niestety, ilo\u015b\u0107 nie zawsze idzie w parze z jako\u015bci\u0105,<span class=\"more-dots\">&#8230;<\/span><\/p>\n","protected":false},"author":16,"featured_media":10123,"comment_status":"closed","ping_status":"closed","sticky":false,"template":"","format":"standard","meta":{"footnotes":""},"categories":[3],"tags":[2508,2507,1530,1531,2499],"class_list":["post-10120","post","type-post","status-publish","format-standard","has-post-thumbnail","hentry","category-moda","tag-fast-fashion","tag-slow-fashion","tag-swiadoma-moda","tag-swiadomy-konsument","tag-szafa-kapsulowa"],"yoast_head":"<!-- This site is optimized with the Yoast SEO plugin v21.6 - https:\/\/yoast.com\/wordpress\/plugins\/seo\/ -->\n<title>Slow fashion vs. fast fashion: Dlaczego warto wybiera\u0107 \u015bwiadomie? - Magazyn Pakamera.pl<\/title>\n<meta name=\"description\" content=\"Co warto wiedzie\u0107 o Slow fashion i fast fashion? Dlaczego \u015bwiadomo\u015b\u0107 konsumenta jest tak wa\u017cna? Przekonajcie si\u0119 sami!\" \/>\n<meta name=\"robots\" content=\"index, follow\" \/>\n<link rel=\"canonical\" href=\"https:\/\/www.pakamera.pl\/magazyn\/slow-fashion-vs-fast-fashion-dlaczego-warto-wybierac-swiadomie\/\" \/>\n<meta property=\"og:locale\" content=\"pl_PL\" \/>\n<meta property=\"og:type\" content=\"article\" \/>\n<meta property=\"og:title\" content=\"Slow fashion vs. fast fashion: Dlaczego warto wybiera\u0107 \u015bwiadomie? - Magazyn Pakamera.pl\" \/>\n<meta property=\"og:description\" content=\"Co warto wiedzie\u0107 o Slow fashion i fast fashion? Dlaczego \u015bwiadomo\u015b\u0107 konsumenta jest tak wa\u017cna? Przekonajcie si\u0119 sami!\" \/>\n<meta property=\"og:url\" content=\"https:\/\/www.pakamera.pl\/magazyn\/slow-fashion-vs-fast-fashion-dlaczego-warto-wybierac-swiadomie\/\" \/>\n<meta property=\"og:site_name\" content=\"Magazyn Pakamera.pl\" \/>\n<meta property=\"article:publisher\" content=\"https:\/\/facebook.com\/pakamerapl\" \/>\n<meta property=\"article:published_time\" content=\"2024-03-05T09:57:59+00:00\" \/>\n<meta property=\"article:modified_time\" content=\"2025-03-03T14:02:03+00:00\" \/>\n<meta property=\"og:image\" content=\"https:\/\/imgmag.pakamera.net\/2024\/03\/slow-fashion-vs-fast-fashion-dlaczego-warto-wybierac-swiadomie-164541179297.jpg\" \/>\n\t<meta property=\"og:image:width\" content=\"1600\" \/>\n\t<meta property=\"og:image:height\" content=\"840\" \/>\n\t<meta property=\"og:image:type\" content=\"image\/jpeg\" \/>\n<meta name=\"author\" content=\"Magda Strzelecka\" \/>\n<meta name=\"twitter:card\" content=\"summary_large_image\" \/>\n<meta name=\"twitter:label1\" content=\"Napisane przez\" \/>\n\t<meta name=\"twitter:data1\" content=\"Magda Strzelecka\" \/>\n\t<meta name=\"twitter:label2\" content=\"Szacowany czas czytania\" \/>\n\t<meta name=\"twitter:data2\" content=\"6 minut\" \/>\n<script type=\"application\/ld+json\" class=\"yoast-schema-graph\">{\"@context\":\"https:\/\/schema.org\",\"@graph\":[{\"@type\":\"Article\",\"@id\":\"https:\/\/www.pakamera.pl\/magazyn\/slow-fashion-vs-fast-fashion-dlaczego-warto-wybierac-swiadomie\/#article\",\"isPartOf\":{\"@id\":\"https:\/\/www.pakamera.pl\/magazyn\/slow-fashion-vs-fast-fashion-dlaczego-warto-wybierac-swiadomie\/\"},\"author\":{\"name\":\"Magda Strzelecka\",\"@id\":\"https:\/\/www.pakamera.pl\/magazyn\/#\/schema\/person\/375940ab821c5af50e1e31f1ec5282b5\"},\"headline\":\"Slow fashion vs. fast fashion: Dlaczego warto wybiera\u0107 \u015bwiadomie?\",\"datePublished\":\"2024-03-05T09:57:59+00:00\",\"dateModified\":\"2025-03-03T14:02:03+00:00\",\"mainEntityOfPage\":{\"@id\":\"https:\/\/www.pakamera.pl\/magazyn\/slow-fashion-vs-fast-fashion-dlaczego-warto-wybierac-swiadomie\/\"},\"wordCount\":975,\"publisher\":{\"@id\":\"https:\/\/www.pakamera.pl\/magazyn\/#organization\"},\"keywords\":[\"fast fashion\",\"Slow fashion\",\"\u015bwiadoma moda\",\"\u015bwiadomy konsument\",\"szafa kapsu\u0142owa\"],\"articleSection\":[\"Moda\"],\"inLanguage\":\"pl-PL\"},{\"@type\":\"WebPage\",\"@id\":\"https:\/\/www.pakamera.pl\/magazyn\/slow-fashion-vs-fast-fashion-dlaczego-warto-wybierac-swiadomie\/\",\"url\":\"https:\/\/www.pakamera.pl\/magazyn\/slow-fashion-vs-fast-fashion-dlaczego-warto-wybierac-swiadomie\/\",\"name\":\"Slow fashion vs. fast fashion: Dlaczego warto wybiera\u0107 \u015bwiadomie? - Magazyn Pakamera.pl\",\"isPartOf\":{\"@id\":\"https:\/\/www.pakamera.pl\/magazyn\/#website\"},\"datePublished\":\"2024-03-05T09:57:59+00:00\",\"dateModified\":\"2025-03-03T14:02:03+00:00\",\"description\":\"Co warto wiedzie\u0107 o Slow fashion i fast fashion? Dlaczego \u015bwiadomo\u015b\u0107 konsumenta jest tak wa\u017cna? Przekonajcie si\u0119 sami!\",\"breadcrumb\":{\"@id\":\"https:\/\/www.pakamera.pl\/magazyn\/slow-fashion-vs-fast-fashion-dlaczego-warto-wybierac-swiadomie\/#breadcrumb\"},\"inLanguage\":\"pl-PL\",\"potentialAction\":[{\"@type\":\"ReadAction\",\"target\":[\"https:\/\/www.pakamera.pl\/magazyn\/slow-fashion-vs-fast-fashion-dlaczego-warto-wybierac-swiadomie\/\"]}]},{\"@type\":\"BreadcrumbList\",\"@id\":\"https:\/\/www.pakamera.pl\/magazyn\/slow-fashion-vs-fast-fashion-dlaczego-warto-wybierac-swiadomie\/#breadcrumb\",\"itemListElement\":[{\"@type\":\"ListItem\",\"position\":1,\"name\":\"Magazyn\",\"item\":\"https:\/\/www.pakamera.pl\/magazyn\/\"},{\"@type\":\"ListItem\",\"position\":2,\"name\":\"Moda\",\"item\":\"https:\/\/www.pakamera.pl\/magazyn\/category\/moda\/\"},{\"@type\":\"ListItem\",\"position\":3,\"name\":\"Slow fashion vs. fast fashion: Dlaczego warto wybiera\u0107 \u015bwiadomie?\"}]},{\"@type\":\"WebSite\",\"@id\":\"https:\/\/www.pakamera.pl\/magazyn\/#website\",\"url\":\"https:\/\/www.pakamera.pl\/magazyn\/\",\"name\":\"Magazyn Pakamera.pl\",\"description\":\"Sprawd\u017a najgor\u0119tsze tematy sezonu!\",\"publisher\":{\"@id\":\"https:\/\/www.pakamera.pl\/magazyn\/#organization\"},\"potentialAction\":[{\"@type\":\"SearchAction\",\"target\":{\"@type\":\"EntryPoint\",\"urlTemplate\":\"https:\/\/www.pakamera.pl\/magazyn\/?s={search_term_string}\"},\"query-input\":\"required name=search_term_string\"}],\"inLanguage\":\"pl-PL\"},{\"@type\":\"Organization\",\"@id\":\"https:\/\/www.pakamera.pl\/magazyn\/#organization\",\"name\":\"Pakamera.pl\",\"url\":\"https:\/\/www.pakamera.pl\/magazyn\/\",\"logo\":{\"@type\":\"ImageObject\",\"inLanguage\":\"pl-PL\",\"@id\":\"https:\/\/www.pakamera.pl\/magazyn\/#\/schema\/logo\/image\/\",\"url\":\"https:\/\/imgmag.pakamera.net\/2023\/11\/153455466619.png\",\"contentUrl\":\"https:\/\/imgmag.pakamera.net\/2023\/11\/153455466619.png\",\"width\":690,\"height\":140,\"caption\":\"Pakamera.pl\"},\"image\":{\"@id\":\"https:\/\/www.pakamera.pl\/magazyn\/#\/schema\/logo\/image\/\"},\"sameAs\":[\"https:\/\/facebook.com\/pakamerapl\",\"https:\/\/www.instagram.com\/pakamera\/\"]},{\"@type\":\"Person\",\"@id\":\"https:\/\/www.pakamera.pl\/magazyn\/#\/schema\/person\/375940ab821c5af50e1e31f1ec5282b5\",\"name\":\"Magda Strzelecka\",\"description\":\"Magda to nasza stylistka, kt\u00f3ra od ponad 10 lat \u015bci\u015ble zwi\u0105zana jest z mod\u0105. Uwielbia \u015bledzi\u0107 \u015bwiatowe trendy i przek\u0142ada\u0107 je na rynek polski. Kocha dobre sk\u0142ady ubra\u0144, wyj\u0105tkow\u0105 bi\u017cuteri\u0119 i dodatki kt\u00f3re o\u017cywi\u0105 ka\u017cd\u0105 stylizacj\u0119.\"}]}<\/script>\n<!-- \/ Yoast SEO plugin. -->","yoast_head_json":{"title":"Slow fashion vs. fast fashion: Dlaczego warto wybiera\u0107 \u015bwiadomie? - Magazyn Pakamera.pl","description":"Co warto wiedzie\u0107 o Slow fashion i fast fashion? Dlaczego \u015bwiadomo\u015b\u0107 konsumenta jest tak wa\u017cna? Przekonajcie si\u0119 sami!","robots":{"index":"index","follow":"follow"},"canonical":"https:\/\/www.pakamera.pl\/magazyn\/slow-fashion-vs-fast-fashion-dlaczego-warto-wybierac-swiadomie\/","og_locale":"pl_PL","og_type":"article","og_title":"Slow fashion vs. fast fashion: Dlaczego warto wybiera\u0107 \u015bwiadomie? - Magazyn Pakamera.pl","og_description":"Co warto wiedzie\u0107 o Slow fashion i fast fashion? Dlaczego \u015bwiadomo\u015b\u0107 konsumenta jest tak wa\u017cna? Przekonajcie si\u0119 sami!","og_url":"https:\/\/www.pakamera.pl\/magazyn\/slow-fashion-vs-fast-fashion-dlaczego-warto-wybierac-swiadomie\/","og_site_name":"Magazyn Pakamera.pl","article_publisher":"https:\/\/facebook.com\/pakamerapl","article_published_time":"2024-03-05T09:57:59+00:00","article_modified_time":"2025-03-03T14:02:03+00:00","og_image":[{"width":1600,"height":840,"url":"https:\/\/imgmag.pakamera.net\/2024\/03\/slow-fashion-vs-fast-fashion-dlaczego-warto-wybierac-swiadomie-164541179297.jpg","type":"image\/jpeg"}],"author":"Magda Strzelecka","twitter_card":"summary_large_image","twitter_misc":{"Napisane przez":"Magda Strzelecka","Szacowany czas czytania":"6 minut"},"schema":{"@context":"https:\/\/schema.org","@graph":[{"@type":"Article","@id":"https:\/\/www.pakamera.pl\/magazyn\/slow-fashion-vs-fast-fashion-dlaczego-warto-wybierac-swiadomie\/#article","isPartOf":{"@id":"https:\/\/www.pakamera.pl\/magazyn\/slow-fashion-vs-fast-fashion-dlaczego-warto-wybierac-swiadomie\/"},"author":{"name":"Magda Strzelecka","@id":"https:\/\/www.pakamera.pl\/magazyn\/#\/schema\/person\/375940ab821c5af50e1e31f1ec5282b5"},"headline":"Slow fashion vs. fast fashion: Dlaczego warto wybiera\u0107 \u015bwiadomie?","datePublished":"2024-03-05T09:57:59+00:00","dateModified":"2025-03-03T14:02:03+00:00","mainEntityOfPage":{"@id":"https:\/\/www.pakamera.pl\/magazyn\/slow-fashion-vs-fast-fashion-dlaczego-warto-wybierac-swiadomie\/"},"wordCount":975,"publisher":{"@id":"https:\/\/www.pakamera.pl\/magazyn\/#organization"},"keywords":["fast fashion","Slow fashion","\u015bwiadoma moda","\u015bwiadomy konsument","szafa kapsu\u0142owa"],"articleSection":["Moda"],"inLanguage":"pl-PL"},{"@type":"WebPage","@id":"https:\/\/www.pakamera.pl\/magazyn\/slow-fashion-vs-fast-fashion-dlaczego-warto-wybierac-swiadomie\/","url":"https:\/\/www.pakamera.pl\/magazyn\/slow-fashion-vs-fast-fashion-dlaczego-warto-wybierac-swiadomie\/","name":"Slow fashion vs. fast fashion: Dlaczego warto wybiera\u0107 \u015bwiadomie? - Magazyn Pakamera.pl","isPartOf":{"@id":"https:\/\/www.pakamera.pl\/magazyn\/#website"},"datePublished":"2024-03-05T09:57:59+00:00","dateModified":"2025-03-03T14:02:03+00:00","description":"Co warto wiedzie\u0107 o Slow fashion i fast fashion? Dlaczego \u015bwiadomo\u015b\u0107 konsumenta jest tak wa\u017cna? Przekonajcie si\u0119 sami!","breadcrumb":{"@id":"https:\/\/www.pakamera.pl\/magazyn\/slow-fashion-vs-fast-fashion-dlaczego-warto-wybierac-swiadomie\/#breadcrumb"},"inLanguage":"pl-PL","potentialAction":[{"@type":"ReadAction","target":["https:\/\/www.pakamera.pl\/magazyn\/slow-fashion-vs-fast-fashion-dlaczego-warto-wybierac-swiadomie\/"]}]},{"@type":"BreadcrumbList","@id":"https:\/\/www.pakamera.pl\/magazyn\/slow-fashion-vs-fast-fashion-dlaczego-warto-wybierac-swiadomie\/#breadcrumb","itemListElement":[{"@type":"ListItem","position":1,"name":"Magazyn","item":"https:\/\/www.pakamera.pl\/magazyn\/"},{"@type":"ListItem","position":2,"name":"Moda","item":"https:\/\/www.pakamera.pl\/magazyn\/category\/moda\/"},{"@type":"ListItem","position":3,"name":"Slow fashion vs. fast fashion: Dlaczego warto wybiera\u0107 \u015bwiadomie?"}]},{"@type":"WebSite","@id":"https:\/\/www.pakamera.pl\/magazyn\/#website","url":"https:\/\/www.pakamera.pl\/magazyn\/","name":"Magazyn Pakamera.pl","description":"Sprawd\u017a najgor\u0119tsze tematy sezonu!","publisher":{"@id":"https:\/\/www.pakamera.pl\/magazyn\/#organization"},"potentialAction":[{"@type":"SearchAction","target":{"@type":"EntryPoint","urlTemplate":"https:\/\/www.pakamera.pl\/magazyn\/?s={search_term_string}"},"query-input":"required name=search_term_string"}],"inLanguage":"pl-PL"},{"@type":"Organization","@id":"https:\/\/www.pakamera.pl\/magazyn\/#organization","name":"Pakamera.pl","url":"https:\/\/www.pakamera.pl\/magazyn\/","logo":{"@type":"ImageObject","inLanguage":"pl-PL","@id":"https:\/\/www.pakamera.pl\/magazyn\/#\/schema\/logo\/image\/","url":"https:\/\/imgmag.pakamera.net\/2023\/11\/153455466619.png","contentUrl":"https:\/\/imgmag.pakamera.net\/2023\/11\/153455466619.png","width":690,"height":140,"caption":"Pakamera.pl"},"image":{"@id":"https:\/\/www.pakamera.pl\/magazyn\/#\/schema\/logo\/image\/"},"sameAs":["https:\/\/facebook.com\/pakamerapl","https:\/\/www.instagram.com\/pakamera\/"]},{"@type":"Person","@id":"https:\/\/www.pakamera.pl\/magazyn\/#\/schema\/person\/375940ab821c5af50e1e31f1ec5282b5","name":"Magda Strzelecka","description":"Magda to nasza stylistka, kt\u00f3ra od ponad 10 lat \u015bci\u015ble zwi\u0105zana jest z mod\u0105. Uwielbia \u015bledzi\u0107 \u015bwiatowe trendy i przek\u0142ada\u0107 je na rynek polski. Kocha dobre sk\u0142ady ubra\u0144, wyj\u0105tkow\u0105 bi\u017cuteri\u0119 i dodatki kt\u00f3re o\u017cywi\u0105 ka\u017cd\u0105 stylizacj\u0119."}]}},"_links":{"self":[{"href":"https:\/\/www.pakamera.pl\/magazyn\/wp-json\/wp\/v2\/posts\/10120","targetHints":{"allow":["GET"]}}],"collection":[{"href":"https:\/\/www.pakamera.pl\/magazyn\/wp-json\/wp\/v2\/posts"}],"about":[{"href":"https:\/\/www.pakamera.pl\/magazyn\/wp-json\/wp\/v2\/types\/post"}],"author":[{"embeddable":true,"href":"https:\/\/www.pakamera.pl\/magazyn\/wp-json\/wp\/v2\/users\/16"}],"replies":[{"embeddable":true,"href":"https:\/\/www.pakamera.pl\/magazyn\/wp-json\/wp\/v2\/comments?post=10120"}],"version-history":[{"count":3,"href":"https:\/\/www.pakamera.pl\/magazyn\/wp-json\/wp\/v2\/posts\/10120\/revisions"}],"predecessor-version":[{"id":12776,"href":"https:\/\/www.pakamera.pl\/magazyn\/wp-json\/wp\/v2\/posts\/10120\/revisions\/12776"}],"wp:featuredmedia":[{"embeddable":true,"href":"https:\/\/www.pakamera.pl\/magazyn\/wp-json\/wp\/v2\/media\/10123"}],"wp:attachment":[{"href":"https:\/\/www.pakamera.pl\/magazyn\/wp-json\/wp\/v2\/media?parent=10120"}],"wp:term":[{"taxonomy":"category","embeddable":true,"href":"https:\/\/www.pakamera.pl\/magazyn\/wp-json\/wp\/v2\/categories?post=10120"},{"taxonomy":"post_tag","embeddable":true,"href":"https:\/\/www.pakamera.pl\/magazyn\/wp-json\/wp\/v2\/tags?post=10120"}],"curies":[{"name":"wp","href":"https:\/\/api.w.org\/{rel}","templated":true}]}}