{"id":10026,"date":"2024-02-19T14:49:54","date_gmt":"2024-02-19T13:49:54","guid":{"rendered":"https:\/\/www.pakamera.pl\/magazyn\/?p=10026"},"modified":"2024-02-13T15:16:04","modified_gmt":"2024-02-13T14:16:04","slug":"jak-sie-ubrac-na-wesele-latem","status":"publish","type":"post","link":"https:\/\/www.pakamera.pl\/magazyn\/jak-sie-ubrac-na-wesele-latem\/","title":{"rendered":"Jak si\u0119 ubra\u0107 na wesele latem?"},"content":{"rendered":"<p><strong>Do lata pozosta\u0142o zaledwie kilka miesi\u0119cy. Nie mo\u017cesz doczeka\u0107 si\u0119 d\u0142u\u017cszych dni, wysoko \u015bwiec\u0105cego na niebie s\u0142o\u0144ca i jego przyjemnego ciep\u0142a? Nie dziwimy Ci si\u0119! Wraz z nadej\u015bciem lata rozpoczyna si\u0119 r\u00f3wnie\u017c radosny sezon plenerowych imprez.<\/strong><\/p>\n<p><!--more--><\/p>\n<figure id=\"attachment_10028\" aria-describedby=\"caption-attachment-10028\" style=\"width: 1600px\" class=\"wp-caption alignnone\"><img loading=\"lazy\" decoding=\"async\" class=\"wp-image-10028 size-full\" src=\"https:\/\/imgmag.pakamera.net\/2024\/02\/jak-sie-ubrac-na-wesele-latem-150631528290.jpg\" alt=\"Jak si\u0119 ubra\u0107 na wesele latem\" width=\"1600\" height=\"840\" \/><figcaption id=\"caption-attachment-10028\" class=\"wp-caption-text\">Sukienka So Delicate \/ bellera \/ www.pakamera.pl<\/figcaption><\/figure>\n<p>Z latem kojarz\u0105 si\u0119 wszystkie radosne uroczysto\u015bci \u2013 weekendowy grill w przydomowym ogr\u00f3dku, plenerowe przyj\u0119cia urodzinowe i \u015bluby. A skoro jest \u015blub, to musi by\u0107 i wesele! Naturalne, \u017ce gdy dostaniesz zaproszenie, jako pierwsze na my\u015bl nasuwa Ci si\u0119 pytanie: <a href=\"https:\/\/www.pakamera.pl\/magazyn\/w-co-sie-ubrac-na-slub-jako-gosc\/\" target=\"_blank\" rel=\"noopener\">w co si\u0119 ubra\u0107 na \u015blub jako go\u015b\u0107<\/a>? Postaramy si\u0119 udzieli\u0107 wyczerpuj\u0105cej odpowiedzi!<\/p>\n<h2>Jak wybra\u0107 idealny str\u00f3j na letnie wesele?<\/h2>\n<p>Jak si\u0119 ubra\u0107 na wesele latem? Przede wszystkim nie zapominaj o podstawowych zasadach weselnego dress code\u2019u. <strong>Stylizacja powinna by\u0107 elegancka, ale r\u00f3wnocze\u015bnie skromna i gustowna<\/strong> \u2013 pami\u0119taj, \u017ce gwiazdami wieczoru s\u0105 przede wszystkim pa\u0144stwo m\u0142odzi. Pr\u00f3ba przy\u0107mienia ich by\u0142aby odebrana jako wyj\u0105tkowo niesmaczna. <strong>Unikaj zatem zbyt kr\u00f3tkich b\u0105d\u017a bufiastych fason\u00f3w sukni<\/strong>, te sprawdz\u0105 si\u0119 lepiej w innych okoliczno\u015bciach.<\/p>\n<div id=\"pakawidget1119\" class=\"pakawidget\"><\/div>\n<p><script async defer src=\"https:\/\/www.pakamera.pl\/widget\/widget2.min.js?id=1119&#038;type=20240213151048&#038;wwidth=1000\"><\/script><br \/>\n<strong>Kreacje w odcieniach bieli oraz kremowym r\u00f3wnie\u017c lepiej zostawi\u0107 w szafie<\/strong>. Tradycyjnie kolor ten zosta\u0142 zarezerwowany dla panny m\u0142odej. Zgodnie z dawnymi zwyczajami raczej \u017ale widziane b\u0119d\u0105 r\u00f3wnie\u017c czerwie\u0144 oraz kojarz\u0105ca si\u0119 z uroczysto\u015bciami pogrzebowymi czer\u0144.<\/p>\n<p><strong>Letnie stylizacje weselne a\u017c prosz\u0105 si\u0119 o jasne, \u017cywe kolory \u2013 ziele\u0144, \u017c\u00f3\u0142\u0107 lub motywy kwiatowe<\/strong>. Dok\u0142adnie przeczytaj zaproszenie \u2013 obecnie modnym zabiegiem jest odg\u00f3rne ustalanie palety kolorystycznej dla weselnych go\u015bci. Je\u015bli dostrze\u017cesz taki zapis, zastosuj si\u0119 do niego.<\/p>\n<h3>Lekkie i przewiewne materia\u0142y idealne na wesele latem<\/h3>\n<figure id=\"attachment_10027\" aria-describedby=\"caption-attachment-10027\" style=\"width: 1600px\" class=\"wp-caption alignnone\"><img loading=\"lazy\" decoding=\"async\" class=\"wp-image-10027 size-full\" src=\"https:\/\/imgmag.pakamera.net\/2024\/02\/jak-sie-ubrac-na-wesele-latem-150630471996.jpg\" alt=\"zwiewna sukienka na rami\u0105czka na wesele latem\" width=\"1600\" height=\"840\" \/><figcaption id=\"caption-attachment-10027\" class=\"wp-caption-text\">Sukienka SATIN FLAME \/ SWOBODY WEAR \/ www.pakamera.pl<\/figcaption><\/figure>\n<p>Wesele latem mo\u017ce przysporzy\u0107 go\u015bciom niema\u0142o k\u0142opotu w kwestii wyboru odpowiedniego stroju. Jak si\u0119 ubra\u0107 na wesele latem, aby nawet w wysokiej temperaturze przeta\u0144czy\u0107 komfortowo ca\u0142\u0105 noc? Najwa\u017cniejsz\u0105 kwesti\u0105, na kt\u00f3r\u0105 warto zwr\u00f3ci\u0107 uwag\u0119, jest <strong>materia\u0142, z kt\u00f3rego zosta\u0142y wykonane letnie stylizacje weselne<\/strong>.<\/p>\n<p>Przy wyborze sukienki, sp\u00f3dnicy, koszuli czy garnituru uwa\u017cnie przestudiuj metk\u0119 ubrania. <strong>Unikaj materia\u0142\u00f3w sztucznych, takich jak poliester, kt\u00f3re nie przepuszczaj\u0105 powietrza<\/strong>, pot\u0119guj\u0105 potliwo\u015b\u0107 i uczucie gor\u0105ca. <strong>Postaw na tworzywa naturalne, czyli najbardziej klasyczn\u0105 bawe\u0142n\u0119 lub we\u0142n\u0119. \u015awietnie sprawdz\u0105 si\u0119 r\u00f3wnie\u017c delikatny jedwab i wysokiej jako\u015bci len<\/strong>. Porada ta jest kierowana zar\u00f3wno do pa\u0144, jak i pan\u00f3w.<\/p>\n<h3>Zalecenia dotycz\u0105ce kolorystyki i wzor\u00f3w latem<\/h3>\n<p>Wcze\u015bniej wspominali\u015bmy ju\u017c o trzech kolorach, kt\u00f3rych zwyczajowo powinno si\u0119 unika\u0107, wybieraj\u0105c str\u00f3j na po \u015blubne przyj\u0119cie. Ze wzgl\u0119du na letni\u0105 por\u0119 i cz\u0119sto wsp\u00f3\u0142wyst\u0119puj\u0105ce z ni\u0105 upa\u0142y, nale\u017cy do tego zestawu dorzuci\u0107 jeszcze inne ciemne kolory, takie jak granat i inne barwy, \u0142atwo nagrzewaj\u0105ce si\u0119 w s\u0142o\u0144cu.<\/p>\n<p><strong>Letnie stylizacje na wesele powinny by\u0107 jasne, pastelowe i pe\u0142ne \u017cycia<\/strong>! Dobrym wyborem b\u0119d\u0105 <strong>wszystkie delikatne, subtelne kolory takie jak pudrowy r\u00f3\u017c, liliowy czy baby blue<\/strong>. \u015awietnie sprawdz\u0105 si\u0119 r\u00f3wnie\u017c <strong>zielenie, pastelowe \u017c\u00f3\u0142cie, jasne br\u0105zy i be\u017ce<\/strong>.<\/p>\n<div id=\"pakawidget1120\" class=\"pakawidget\"><\/div>\n<p><script async defer src=\"https:\/\/www.pakamera.pl\/widget\/widget2.min.js?id=1120&#038;type=20240213151257&#038;wwidth=1000\"><\/script><br \/>\nPanom podpowiadamy, \u017ce klasyczny, czarny garnitur mo\u017ce nie by\u0107 najlepszym pomys\u0142em na letnie wesele. Lepsz\u0105 opcj\u0105 b\u0119dzie<strong> elegancki, szary garnitur, lub taki w kolorze b\u0142\u0119kitu czy karmelu<\/strong>. Doskonale sprawdz\u0105 si\u0119 r\u00f3wnie\u017c wersje w krat\u0119. <strong>Koszula w subtelny wzorek, kolorowy krawat b\u0105d\u017a mucha<\/strong> (dodatkowo pasuj\u0105cy do ubioru osoby towarzysz\u0105cej) i str\u00f3j na przyj\u0119cie gotowy!<\/p>\n<p>Mo\u017cesz ubra\u0107 r\u00f3wnie\u017c <strong>kreacje w kwiatowy motyw<\/strong>. Zdobi\u0105 one <a href=\"https:\/\/www.pakamera.pl\/sukienka-na-wesele-0-t46134.htm\" target=\"_blank\" rel=\"noopener\">niespotykane sukienki na wesele<\/a> i koszule pa\u0144 i pan\u00f3w. Popularne s\u0105 r\u00f3wnie\u017c klasyczne grochy w r\u00f3\u017cnych rozmiarach i kolorach. Nieco rzadziej spotyka si\u0119 r\u00f3wnie gustowne abstrakcyjne wzory. <strong>Str\u00f3j na wesele nie musi by\u0107 tylko i wy\u0142\u0105cznie g\u0142adki<\/strong>!<\/p>\n<h2>Odpowiednie obuwie na letnie przyj\u0119cie weselne<\/h2>\n<figure id=\"attachment_10029\" aria-describedby=\"caption-attachment-10029\" style=\"width: 1600px\" class=\"wp-caption alignnone\"><img loading=\"lazy\" decoding=\"async\" class=\"wp-image-10029 size-full\" src=\"https:\/\/imgmag.pakamera.net\/2024\/02\/jak-sie-ubrac-na-wesele-latem-150632033427.jpg\" alt=\"asymetryczna sukienka idealna na wesele latem pudrowy r\u00f3\u017c\" width=\"1600\" height=\"840\" \/><figcaption id=\"caption-attachment-10029\" class=\"wp-caption-text\">Sukienka na jedno rami\u0119 z falban\u0105-brudny r\u00f3\u017c(K-146) \/ MAKOVER \/ www.pakamera.pl<\/figcaption><\/figure>\n<p>Obuwie jest r\u00f3wnie istotn\u0105 kwesti\u0105 co sam ubi\u00f3r! <strong>Musi by\u0107 wygodne \u2013 chcesz przecie\u017c swobodnie przeta\u0144czy\u0107 ca\u0142e przyj\u0119cie<\/strong>. Na letnich weselach kr\u00f3luj\u0105 przede wszystkim <strong>sanda\u0142y na platformie, na koturnie, na obcasie, p\u0142askie i wysoko wi\u0105zane<\/strong>. Polecamy sanda\u0142ki wykonane z wikliny, ze sznureczkami, z klamrami, z koralikami we wszystkich mo\u017cliwych kolorach.<\/p>\n<p>Inn\u0105 <strong>popularn\u0105 opcj\u0105 s\u0105 baleriny, kolorystycznie dopasowane do reszty ubioru<\/strong> lub klasyczne buty na niezbyt wysokim obcasie. Raczej odradzamy szpilki, chyba \u017ce we\u017amiesz zapasowe buty na zmian\u0119.<\/p>\n<p>Dla pan\u00f3w na ca\u0142\u0105 noc najwygodniejsze b\u0119d\u0105 mokasyny. To letnie obuwie mo\u017cesz spokojnie nosi\u0107 bez skarpetek. Pozwala na poczucie lekko\u015bci i zapewnia nosz\u0105cemu komfort i dobr\u0105 wentylacj\u0119. Wygl\u0105da bardzo elegancko, zupe\u0142nie jak pe\u0142ne buty czy lakierki.<\/p>\n<h2>Dodatki, kt\u00f3re sprawdz\u0105 si\u0119 w letnim upale na weselu<\/h2>\n<p>Zaproponowane przez nas letnie stylizacje na wesele uzupe\u0142nisz odpowiednimi dodatkami. <strong>Zachowaj w tym umiar<\/strong>. Dobierz <strong>odpowiedni kolorystycznie cienki naszyjnik i bransoletk\u0119<\/strong>. Oto przyk\u0142ad: <a href=\"https:\/\/www.pakamera.pl\/magazyn\/odkryj-idealna-bizuterie-do-niebieskiej-sukienki-na-wesele-inspirujace-pomysly-i-porady\/\" target=\"_blank\" rel=\"noopener\">bi\u017cuteria do niebieskiej sukienki na wesele<\/a> mo\u017ce by\u0107 w kolorze srebra. Aby ochroni\u0107 si\u0119 przed s\u0142o\u0144cem, zaopatrz si\u0119 w <strong>kapelusz z szerokim rondem i eleganckie okulary przeciws\u0142oneczne<\/strong>.<\/p>\n<h2>Jak dostosowa\u0107 str\u00f3j do miejsca wesela (plener, sala)?<\/h2>\n<p>Suknia nie jest jedynym wyborem. Wiele os\u00f3b decyduje si\u0119 na <a href=\"https:\/\/www.pakamera.pl\/spodnica-na-wesele-0-t46123.htm\" target=\"_blank\" rel=\"noopener\">sp\u00f3dnic\u0119 na wesele<\/a>, kt\u00f3ra wsp\u00f3\u0142gra z wygodnymi, niezapadaj\u0105cymi si\u0119 w mi\u0119kki grunt, butami. Oczywi\u015bcie zwiewna, kr\u00f3tka sukienka na przyj\u0119cie na zewn\u0105trz r\u00f3wnie\u017c si\u0119 nada. Pami\u0119taj o ochronie g\u0142owy \u2013 kapeluszu lub parasolce.<\/p>\n<p><strong>Na wesele w sali mo\u017cesz zdecydowa\u0107 si\u0119 nie tylko na wymienione powy\u017cej stylizacje, ale r\u00f3wnie\u017c na kombinezon<\/strong>. W sezonie letnim dobrze sprawdz\u0105 si\u0119 eleganckie kombinezony zar\u00f3wno z d\u0142ugimi, jak i kr\u00f3tkimi nogawkami.<\/p>\n<p>Jak si\u0119 ubra\u0107 na wesele latem? Modne <strong>ubrania dost\u0119pne na Pakamera.pl rozwiej\u0105 wszystkie Twoje w\u0105tpliwo\u015bci<\/strong>. Wybierz co\u015b dla siebie i zachwy\u0107 innych go\u015bci!<\/p>\n","protected":false},"excerpt":{"rendered":"<p>Do lata pozosta\u0142o zaledwie kilka miesi\u0119cy. Nie mo\u017cesz doczeka\u0107 si\u0119 d\u0142u\u017cszych dni, wysoko \u015bwiec\u0105cego na niebie s\u0142o\u0144ca i jego przyjemnego ciep\u0142a? Nie dziwimy Ci si\u0119! Wraz z nadej\u015bciem lata rozpoczyna<span class=\"more-dots\">&#8230;<\/span><\/p>\n","protected":false},"author":16,"featured_media":10029,"comment_status":"closed","ping_status":"closed","sticky":false,"template":"","format":"standard","meta":{"footnotes":""},"categories":[3],"tags":[2413,136,132],"class_list":["post-10026","post","type-post","status-publish","format-standard","has-post-thumbnail","hentry","category-moda","tag-bizuteria-do-sukienki","tag-modna-sukienka-na-wesele","tag-sukienka-na-wesele"],"yoast_head":"<!-- This site is optimized with the Yoast SEO plugin v21.6 - https:\/\/yoast.com\/wordpress\/plugins\/seo\/ -->\n<title>Jak si\u0119 ubra\u0107 na wesele latem? - Magazyn Pakamera.pl<\/title>\n<meta name=\"description\" content=\"Zastanawiasz si\u0119 jak si\u0119 ubra\u0107 na wesele latem? Ju\u017c podpowiadamy kilka pe\u0142nych stylizacji z kolekcji polskich marek.\" \/>\n<meta name=\"robots\" content=\"index, follow\" \/>\n<link rel=\"canonical\" href=\"https:\/\/www.pakamera.pl\/magazyn\/jak-sie-ubrac-na-wesele-latem\/\" \/>\n<meta property=\"og:locale\" content=\"pl_PL\" \/>\n<meta property=\"og:type\" content=\"article\" \/>\n<meta property=\"og:title\" content=\"Jak si\u0119 ubra\u0107 na wesele latem? - Magazyn Pakamera.pl\" \/>\n<meta property=\"og:description\" content=\"Zastanawiasz si\u0119 jak si\u0119 ubra\u0107 na wesele latem? Ju\u017c podpowiadamy kilka pe\u0142nych stylizacji z kolekcji polskich marek.\" \/>\n<meta property=\"og:url\" content=\"https:\/\/www.pakamera.pl\/magazyn\/jak-sie-ubrac-na-wesele-latem\/\" \/>\n<meta property=\"og:site_name\" content=\"Magazyn Pakamera.pl\" \/>\n<meta property=\"article:publisher\" content=\"https:\/\/facebook.com\/pakamerapl\" \/>\n<meta property=\"article:published_time\" content=\"2024-02-19T13:49:54+00:00\" \/>\n<meta property=\"article:modified_time\" content=\"2024-02-13T14:16:04+00:00\" \/>\n<meta property=\"og:image\" content=\"https:\/\/imgmag.pakamera.net\/2024\/02\/jak-sie-ubrac-na-wesele-latem-150632033427.jpg\" \/>\n\t<meta property=\"og:image:width\" content=\"1600\" \/>\n\t<meta property=\"og:image:height\" content=\"840\" \/>\n\t<meta property=\"og:image:type\" content=\"image\/jpeg\" \/>\n<meta name=\"author\" content=\"Magda Strzelecka\" \/>\n<meta name=\"twitter:card\" content=\"summary_large_image\" \/>\n<meta name=\"twitter:label1\" content=\"Napisane przez\" \/>\n\t<meta name=\"twitter:data1\" content=\"Magda Strzelecka\" \/>\n\t<meta name=\"twitter:label2\" content=\"Szacowany czas czytania\" \/>\n\t<meta name=\"twitter:data2\" content=\"6 minut\" \/>\n<script type=\"application\/ld+json\" class=\"yoast-schema-graph\">{\"@context\":\"https:\/\/schema.org\",\"@graph\":[{\"@type\":\"Article\",\"@id\":\"https:\/\/www.pakamera.pl\/magazyn\/jak-sie-ubrac-na-wesele-latem\/#article\",\"isPartOf\":{\"@id\":\"https:\/\/www.pakamera.pl\/magazyn\/jak-sie-ubrac-na-wesele-latem\/\"},\"author\":{\"name\":\"Magda Strzelecka\",\"@id\":\"https:\/\/www.pakamera.pl\/magazyn\/#\/schema\/person\/375940ab821c5af50e1e31f1ec5282b5\"},\"headline\":\"Jak si\u0119 ubra\u0107 na wesele latem?\",\"datePublished\":\"2024-02-19T13:49:54+00:00\",\"dateModified\":\"2024-02-13T14:16:04+00:00\",\"mainEntityOfPage\":{\"@id\":\"https:\/\/www.pakamera.pl\/magazyn\/jak-sie-ubrac-na-wesele-latem\/\"},\"wordCount\":1018,\"publisher\":{\"@id\":\"https:\/\/www.pakamera.pl\/magazyn\/#organization\"},\"keywords\":[\"bizuteria do sukienki\",\"modna sukienka na wesele\",\"sukienka na wesele\"],\"articleSection\":[\"Moda\"],\"inLanguage\":\"pl-PL\"},{\"@type\":\"WebPage\",\"@id\":\"https:\/\/www.pakamera.pl\/magazyn\/jak-sie-ubrac-na-wesele-latem\/\",\"url\":\"https:\/\/www.pakamera.pl\/magazyn\/jak-sie-ubrac-na-wesele-latem\/\",\"name\":\"Jak si\u0119 ubra\u0107 na wesele latem? - Magazyn Pakamera.pl\",\"isPartOf\":{\"@id\":\"https:\/\/www.pakamera.pl\/magazyn\/#website\"},\"datePublished\":\"2024-02-19T13:49:54+00:00\",\"dateModified\":\"2024-02-13T14:16:04+00:00\",\"description\":\"Zastanawiasz si\u0119 jak si\u0119 ubra\u0107 na wesele latem? Ju\u017c podpowiadamy kilka pe\u0142nych stylizacji z kolekcji polskich marek.\",\"breadcrumb\":{\"@id\":\"https:\/\/www.pakamera.pl\/magazyn\/jak-sie-ubrac-na-wesele-latem\/#breadcrumb\"},\"inLanguage\":\"pl-PL\",\"potentialAction\":[{\"@type\":\"ReadAction\",\"target\":[\"https:\/\/www.pakamera.pl\/magazyn\/jak-sie-ubrac-na-wesele-latem\/\"]}]},{\"@type\":\"BreadcrumbList\",\"@id\":\"https:\/\/www.pakamera.pl\/magazyn\/jak-sie-ubrac-na-wesele-latem\/#breadcrumb\",\"itemListElement\":[{\"@type\":\"ListItem\",\"position\":1,\"name\":\"Magazyn\",\"item\":\"https:\/\/www.pakamera.pl\/magazyn\/\"},{\"@type\":\"ListItem\",\"position\":2,\"name\":\"Moda\",\"item\":\"https:\/\/www.pakamera.pl\/magazyn\/category\/moda\/\"},{\"@type\":\"ListItem\",\"position\":3,\"name\":\"Jak si\u0119 ubra\u0107 na wesele latem?\"}]},{\"@type\":\"WebSite\",\"@id\":\"https:\/\/www.pakamera.pl\/magazyn\/#website\",\"url\":\"https:\/\/www.pakamera.pl\/magazyn\/\",\"name\":\"Magazyn Pakamera.pl\",\"description\":\"Sprawd\u017a najgor\u0119tsze tematy sezonu!\",\"publisher\":{\"@id\":\"https:\/\/www.pakamera.pl\/magazyn\/#organization\"},\"potentialAction\":[{\"@type\":\"SearchAction\",\"target\":{\"@type\":\"EntryPoint\",\"urlTemplate\":\"https:\/\/www.pakamera.pl\/magazyn\/?s={search_term_string}\"},\"query-input\":\"required name=search_term_string\"}],\"inLanguage\":\"pl-PL\"},{\"@type\":\"Organization\",\"@id\":\"https:\/\/www.pakamera.pl\/magazyn\/#organization\",\"name\":\"Pakamera.pl\",\"url\":\"https:\/\/www.pakamera.pl\/magazyn\/\",\"logo\":{\"@type\":\"ImageObject\",\"inLanguage\":\"pl-PL\",\"@id\":\"https:\/\/www.pakamera.pl\/magazyn\/#\/schema\/logo\/image\/\",\"url\":\"https:\/\/imgmag.pakamera.net\/2023\/11\/153455466619.png\",\"contentUrl\":\"https:\/\/imgmag.pakamera.net\/2023\/11\/153455466619.png\",\"width\":690,\"height\":140,\"caption\":\"Pakamera.pl\"},\"image\":{\"@id\":\"https:\/\/www.pakamera.pl\/magazyn\/#\/schema\/logo\/image\/\"},\"sameAs\":[\"https:\/\/facebook.com\/pakamerapl\",\"https:\/\/www.instagram.com\/pakamera\/\"]},{\"@type\":\"Person\",\"@id\":\"https:\/\/www.pakamera.pl\/magazyn\/#\/schema\/person\/375940ab821c5af50e1e31f1ec5282b5\",\"name\":\"Magda Strzelecka\",\"description\":\"Magda to nasza stylistka, kt\u00f3ra od ponad 10 lat \u015bci\u015ble zwi\u0105zana jest z mod\u0105. Uwielbia \u015bledzi\u0107 \u015bwiatowe trendy i przek\u0142ada\u0107 je na rynek polski. Kocha dobre sk\u0142ady ubra\u0144, wyj\u0105tkow\u0105 bi\u017cuteri\u0119 i dodatki kt\u00f3re o\u017cywi\u0105 ka\u017cd\u0105 stylizacj\u0119.\"}]}<\/script>\n<!-- \/ Yoast SEO plugin. -->","yoast_head_json":{"title":"Jak si\u0119 ubra\u0107 na wesele latem? - Magazyn Pakamera.pl","description":"Zastanawiasz si\u0119 jak si\u0119 ubra\u0107 na wesele latem? Ju\u017c podpowiadamy kilka pe\u0142nych stylizacji z kolekcji polskich marek.","robots":{"index":"index","follow":"follow"},"canonical":"https:\/\/www.pakamera.pl\/magazyn\/jak-sie-ubrac-na-wesele-latem\/","og_locale":"pl_PL","og_type":"article","og_title":"Jak si\u0119 ubra\u0107 na wesele latem? - Magazyn Pakamera.pl","og_description":"Zastanawiasz si\u0119 jak si\u0119 ubra\u0107 na wesele latem? Ju\u017c podpowiadamy kilka pe\u0142nych stylizacji z kolekcji polskich marek.","og_url":"https:\/\/www.pakamera.pl\/magazyn\/jak-sie-ubrac-na-wesele-latem\/","og_site_name":"Magazyn Pakamera.pl","article_publisher":"https:\/\/facebook.com\/pakamerapl","article_published_time":"2024-02-19T13:49:54+00:00","article_modified_time":"2024-02-13T14:16:04+00:00","og_image":[{"width":1600,"height":840,"url":"https:\/\/imgmag.pakamera.net\/2024\/02\/jak-sie-ubrac-na-wesele-latem-150632033427.jpg","type":"image\/jpeg"}],"author":"Magda Strzelecka","twitter_card":"summary_large_image","twitter_misc":{"Napisane przez":"Magda Strzelecka","Szacowany czas czytania":"6 minut"},"schema":{"@context":"https:\/\/schema.org","@graph":[{"@type":"Article","@id":"https:\/\/www.pakamera.pl\/magazyn\/jak-sie-ubrac-na-wesele-latem\/#article","isPartOf":{"@id":"https:\/\/www.pakamera.pl\/magazyn\/jak-sie-ubrac-na-wesele-latem\/"},"author":{"name":"Magda Strzelecka","@id":"https:\/\/www.pakamera.pl\/magazyn\/#\/schema\/person\/375940ab821c5af50e1e31f1ec5282b5"},"headline":"Jak si\u0119 ubra\u0107 na wesele latem?","datePublished":"2024-02-19T13:49:54+00:00","dateModified":"2024-02-13T14:16:04+00:00","mainEntityOfPage":{"@id":"https:\/\/www.pakamera.pl\/magazyn\/jak-sie-ubrac-na-wesele-latem\/"},"wordCount":1018,"publisher":{"@id":"https:\/\/www.pakamera.pl\/magazyn\/#organization"},"keywords":["bizuteria do sukienki","modna sukienka na wesele","sukienka na wesele"],"articleSection":["Moda"],"inLanguage":"pl-PL"},{"@type":"WebPage","@id":"https:\/\/www.pakamera.pl\/magazyn\/jak-sie-ubrac-na-wesele-latem\/","url":"https:\/\/www.pakamera.pl\/magazyn\/jak-sie-ubrac-na-wesele-latem\/","name":"Jak si\u0119 ubra\u0107 na wesele latem? - Magazyn Pakamera.pl","isPartOf":{"@id":"https:\/\/www.pakamera.pl\/magazyn\/#website"},"datePublished":"2024-02-19T13:49:54+00:00","dateModified":"2024-02-13T14:16:04+00:00","description":"Zastanawiasz si\u0119 jak si\u0119 ubra\u0107 na wesele latem? Ju\u017c podpowiadamy kilka pe\u0142nych stylizacji z kolekcji polskich marek.","breadcrumb":{"@id":"https:\/\/www.pakamera.pl\/magazyn\/jak-sie-ubrac-na-wesele-latem\/#breadcrumb"},"inLanguage":"pl-PL","potentialAction":[{"@type":"ReadAction","target":["https:\/\/www.pakamera.pl\/magazyn\/jak-sie-ubrac-na-wesele-latem\/"]}]},{"@type":"BreadcrumbList","@id":"https:\/\/www.pakamera.pl\/magazyn\/jak-sie-ubrac-na-wesele-latem\/#breadcrumb","itemListElement":[{"@type":"ListItem","position":1,"name":"Magazyn","item":"https:\/\/www.pakamera.pl\/magazyn\/"},{"@type":"ListItem","position":2,"name":"Moda","item":"https:\/\/www.pakamera.pl\/magazyn\/category\/moda\/"},{"@type":"ListItem","position":3,"name":"Jak si\u0119 ubra\u0107 na wesele latem?"}]},{"@type":"WebSite","@id":"https:\/\/www.pakamera.pl\/magazyn\/#website","url":"https:\/\/www.pakamera.pl\/magazyn\/","name":"Magazyn Pakamera.pl","description":"Sprawd\u017a najgor\u0119tsze tematy sezonu!","publisher":{"@id":"https:\/\/www.pakamera.pl\/magazyn\/#organization"},"potentialAction":[{"@type":"SearchAction","target":{"@type":"EntryPoint","urlTemplate":"https:\/\/www.pakamera.pl\/magazyn\/?s={search_term_string}"},"query-input":"required name=search_term_string"}],"inLanguage":"pl-PL"},{"@type":"Organization","@id":"https:\/\/www.pakamera.pl\/magazyn\/#organization","name":"Pakamera.pl","url":"https:\/\/www.pakamera.pl\/magazyn\/","logo":{"@type":"ImageObject","inLanguage":"pl-PL","@id":"https:\/\/www.pakamera.pl\/magazyn\/#\/schema\/logo\/image\/","url":"https:\/\/imgmag.pakamera.net\/2023\/11\/153455466619.png","contentUrl":"https:\/\/imgmag.pakamera.net\/2023\/11\/153455466619.png","width":690,"height":140,"caption":"Pakamera.pl"},"image":{"@id":"https:\/\/www.pakamera.pl\/magazyn\/#\/schema\/logo\/image\/"},"sameAs":["https:\/\/facebook.com\/pakamerapl","https:\/\/www.instagram.com\/pakamera\/"]},{"@type":"Person","@id":"https:\/\/www.pakamera.pl\/magazyn\/#\/schema\/person\/375940ab821c5af50e1e31f1ec5282b5","name":"Magda Strzelecka","description":"Magda to nasza stylistka, kt\u00f3ra od ponad 10 lat \u015bci\u015ble zwi\u0105zana jest z mod\u0105. Uwielbia \u015bledzi\u0107 \u015bwiatowe trendy i przek\u0142ada\u0107 je na rynek polski. Kocha dobre sk\u0142ady ubra\u0144, wyj\u0105tkow\u0105 bi\u017cuteri\u0119 i dodatki kt\u00f3re o\u017cywi\u0105 ka\u017cd\u0105 stylizacj\u0119."}]}},"_links":{"self":[{"href":"https:\/\/www.pakamera.pl\/magazyn\/wp-json\/wp\/v2\/posts\/10026","targetHints":{"allow":["GET"]}}],"collection":[{"href":"https:\/\/www.pakamera.pl\/magazyn\/wp-json\/wp\/v2\/posts"}],"about":[{"href":"https:\/\/www.pakamera.pl\/magazyn\/wp-json\/wp\/v2\/types\/post"}],"author":[{"embeddable":true,"href":"https:\/\/www.pakamera.pl\/magazyn\/wp-json\/wp\/v2\/users\/16"}],"replies":[{"embeddable":true,"href":"https:\/\/www.pakamera.pl\/magazyn\/wp-json\/wp\/v2\/comments?post=10026"}],"version-history":[{"count":1,"href":"https:\/\/www.pakamera.pl\/magazyn\/wp-json\/wp\/v2\/posts\/10026\/revisions"}],"predecessor-version":[{"id":10030,"href":"https:\/\/www.pakamera.pl\/magazyn\/wp-json\/wp\/v2\/posts\/10026\/revisions\/10030"}],"wp:featuredmedia":[{"embeddable":true,"href":"https:\/\/www.pakamera.pl\/magazyn\/wp-json\/wp\/v2\/media\/10029"}],"wp:attachment":[{"href":"https:\/\/www.pakamera.pl\/magazyn\/wp-json\/wp\/v2\/media?parent=10026"}],"wp:term":[{"taxonomy":"category","embeddable":true,"href":"https:\/\/www.pakamera.pl\/magazyn\/wp-json\/wp\/v2\/categories?post=10026"},{"taxonomy":"post_tag","embeddable":true,"href":"https:\/\/www.pakamera.pl\/magazyn\/wp-json\/wp\/v2\/tags?post=10026"}],"curies":[{"name":"wp","href":"https:\/\/api.w.org\/{rel}","templated":true}]}}