{"id":10000,"date":"2024-02-17T12:44:05","date_gmt":"2024-02-17T11:44:05","guid":{"rendered":"https:\/\/www.pakamera.pl\/magazyn\/?p=10000"},"modified":"2026-04-09T16:25:07","modified_gmt":"2026-04-09T14:25:07","slug":"dla-kogo-jest-krzemien-pasiasty-i-jaka-ma-moc","status":"publish","type":"post","link":"https:\/\/www.pakamera.pl\/magazyn\/dla-kogo-jest-krzemien-pasiasty-i-jaka-ma-moc\/","title":{"rendered":"Dla kogo jest krzemie\u0144 pasiasty i jak\u0105 ma moc?"},"content":{"rendered":"<p><strong>Krzemie\u0144 pasiasty to rodzaj krzemienia, kt\u00f3ry charakteryzuje si\u0119 wyrazistymi, r\u00f3wnoleg\u0142ymi pasami barw, tworz\u0105cymi niepowtarzalne wzory, a ich obecno\u015b\u0107 nadaje mu unikatowego charakteru. Ze wzgl\u0119du na swoj\u0105 wyj\u0105tkowo\u015b\u0107 wizualn\u0105 i magiczne w\u0142a\u015bciwo\u015bci nale\u017cy on do kamieni cenionych przez kolekcjoner\u00f3w minera\u0142\u00f3w, jubiler\u00f3w oraz pasjonat\u00f3w ezoteryki i terapii naturalnych. Sprawd\u017a dla kogo jest krzemie\u0144 pasiasty i jak\u0105 ma moc?<br \/>\n<\/strong><\/p>\n<p><!--more--><\/p>\n<figure id=\"attachment_10003\" aria-describedby=\"caption-attachment-10003\" style=\"width: 1600px\" class=\"wp-caption alignnone\"><img loading=\"lazy\" decoding=\"async\" class=\"wp-image-10003 size-full\" src=\"https:\/\/imgmag.pakamera.net\/2024\/02\/dla-kogo-jest-krzemien-pasiasty-i-jaka-ma-moc-124336432300.jpg\" alt=\"Dla kogo jest krzemie\u0144 pasiasty i jak\u0105 ma moc\" width=\"1600\" height=\"840\" \/><figcaption id=\"caption-attachment-10003\" class=\"wp-caption-text\">Bransoletka srebrne ozdobna z krzemieniem pasiastym \/ Ade Art \/ www.pakamera.pl<\/figcaption><\/figure>\n<p>Wiele os\u00f3b zastanawia si\u0119, <a href=\"https:\/\/www.pakamera.pl\/magazyn\/co-oznaczaja-kamienie-szlachetne-w-bizuterii\/\" target=\"_blank\" rel=\"noopener\">co oznaczaj\u0105 kamienie szlachetne w bi\u017cuterii<\/a>. W przypadku krzemienia pasiastego dodatki mog\u0105 zapewnia\u0107 ochron\u0119 przed negatywn\u0105 energi\u0105 oraz ogromne pok\u0142ady optymizmu.<\/p>\n<h2>Opis mocy i znaczenia krzemienia pasiastego<\/h2>\n<p>Uwa\u017ca si\u0119, \u017ce <a href=\"https:\/\/www.pakamera.pl\/krzemien-pasiasty-0-t735.htm\" target=\"_blank\" rel=\"noopener\">krzemie\u0144 pasiasty<\/a> wyr\u00f3\u017cniaj\u0105 <strong>w\u0142a\u015bciwo\u015bci energetyczne i lecznicze.<\/strong> Kamie\u0144 ten cz\u0119sto <strong>s\u0142u\u017cy jako talizman chroni\u0105cy przed negatywnymi energiami oraz wp\u0142ywem z\u0142ych intencji<\/strong> innych os\u00f3b. Ponadto <strong>przypisuje mu si\u0119 zdolno\u015b\u0107 \u0142\u0105czenia cz\u0142owieka z energi\u0105 ziemi<\/strong>. Mo\u017ce to sprzyja\u0107 osi\u0105ganiu stabilno\u015bci emocjonalnej i psychicznej w \u017cyciu codziennym. <strong>Krzemie\u0144 ma moc oczyszczania przestrzeni i aury z negatywnych oddzia\u0142ywa\u0144<\/strong>.<\/p>\n<div id=\"pakawidget1097\" class=\"pakawidget\"><\/div>\n<p><script async defer src=\"https:\/\/www.pakamera.pl\/widget\/widget2.min.js?id=1097&#038;type=20240212125150&#038;wwidth=1000\"><\/script><br \/>\nJako <strong>kamie\u0144 optymizmu chroni przed pope\u0142nianiem b\u0142\u0119d\u00f3w \u017cyciowych<\/strong> &#8211; pomaga podejmowa\u0107 dobre decyzje, mobilizuje i pobudza do dzia\u0142ania, <strong>dodaje witalno\u015bci i stymuluje pozytywne my\u015blenie<\/strong>. Mo\u017ce zapewnia\u0107 tak\u017ce <strong>wsparcie podczas leczenia<\/strong>. Nale\u017cy jednak pami\u0119ta\u0107, \u017ce wierzenia te opieraj\u0105 si\u0119 g\u0142\u00f3wnie na tradycji i w\u0142asnych przekonaniach. Dla os\u00f3b, kt\u00f3re sceptycznie podchodz\u0105 do metafizycznych w\u0142a\u015bciwo\u015bci kamieni szlachetnych, krzemie\u0144 pasiasty mo\u017ce stanowi\u0107 po prostu <strong>pi\u0119kny akcent w bi\u017cuterii lub dekoracjach<\/strong>.<\/p>\n<h2>Charakterystyka i w\u0142a\u015bciwo\u015bci krzemienia pasiastego<\/h2>\n<figure id=\"attachment_10001\" aria-describedby=\"caption-attachment-10001\" style=\"width: 1600px\" class=\"wp-caption alignnone\"><img loading=\"lazy\" decoding=\"async\" class=\"wp-image-10001 size-full\" src=\"https:\/\/imgmag.pakamera.net\/2024\/02\/dla-kogo-jest-krzemien-pasiasty-i-jaka-ma-moc-124329360437.jpg\" alt=\"srebrna sztywna bransoletka z kulkami z krzemienia pasiastego\" width=\"1600\" height=\"840\" \/><figcaption id=\"caption-attachment-10001\" class=\"wp-caption-text\">Bransoletka srebrna z kuleczkami z krzemienia pasiastego \/ Ade Art \/ www.pakamera.pl<\/figcaption><\/figure>\n<p>Krzemie\u0144 pasiasty <strong>rozpoznawany jest przede wszystkim po swoich charakterystycznych, pasach r\u00f3\u017cnej barwy<\/strong>. Pasy od bieli, przez odcienie szaro\u015bci, a\u017c po br\u0105zy i czernie u\u0142o\u017cone s\u0105 r\u00f3wnolegle, zapewniaj\u0105c mu <strong>unikatowy wygl\u0105d<\/strong>. Jako odmiana krzemienia kamie\u0144 ten wyr\u00f3\u017cnia <strong>wysoka trwa\u0142o\u015b\u0107<\/strong> (7 w skali Mohsa). Cecha ta czyni go <strong>atrakcyjnym surowcem<\/strong> w bran\u017cy jubilerskiej i dekoracyjnej. Jest <strong>odporny na zarysowania i uszkodzenia mechaniczne<\/strong>.<\/p>\n<h2>Jak u\u017cywa\u0107 krzemienia pasiastego w codziennym \u017cyciu?<\/h2>\n<p>Krzemie\u0144 pasiasty w zale\u017cno\u015bci od potrzeb i przekona\u0144 <strong>mo\u017ce mie\u0107 r\u00f3\u017cne zastosowania<\/strong>. Cz\u0119sto jest wykorzystywany jako element <a href=\"https:\/\/www.pakamera.pl\/bizuteria-artystyczna-0-t2025.htm\" target=\"_blank\" rel=\"noopener\">bi\u017cuterii artystycznej<\/a>. Umieszcza si\u0119 go<strong> jako punkt centralny lub subtelny element ozdobny w bransoletkach, kolczykach i broszkach<\/strong>. A je\u015bli lubisz \u0142\u0105czy\u0107 ze sob\u0105 r\u00f3\u017cne kamienie koniecznie <a href=\"https:\/\/www.pakamera.pl\/magazyn\/wlasciwosci-i-znaczenie-onyksu-jak-rozpoznac-prawdziwy-kamien\/\" target=\"_blank\" rel=\"noopener\">sprawd\u017a w\u0142a\u015bciwo\u015bci onyksu<\/a>.<\/p>\n<p>Krzemie\u0144 pasiasty stanowi tak\u017ce atrakcyjny akcent w przypadku takich akcesori\u00f3w jak <a href=\"https:\/\/www.pakamera.pl\/naszyjniki-wisiory-0-1834.htm\" target=\"_blank\" rel=\"noopener\">du\u017ce wisiorki na szyj\u0119<\/a> czy pier\u015bcionki. <a href=\"https:\/\/www.pakamera.pl\/magazyn\/bizuteria-z-kamieniami-od-polskich-marek-niesamowita-moc-kamieni\/\" target=\"_blank\" rel=\"noopener\">Niesamowita moc kamieni naturalnych w bi\u017cuterii<\/a> pozwala chroni\u0107 ich w\u0142a\u015bcicieli ka\u017cdego dnia, stanowi\u0105c jednocze\u015bnie pi\u0119kn\u0105 ozdob\u0119.<\/p>\n<div id=\"pakawidget1098\" class=\"pakawidget\"><\/div>\n<p><script async defer src=\"https:\/\/www.pakamera.pl\/widget\/widget2.min.js?id=1098&#038;type=20240212125541&#038;wwidth=1000\"><\/script><br \/>\nKrzemie\u0144 pasiasty mo\u017cna r\u00f3wnie\u017c <strong>umie\u015bci\u0107 w przestrzeniach mieszkalnych lub biurowych, aby oczy\u015bci\u0107 je z negatywnej energii<\/strong>. Ich obecno\u015b\u0107 sprzyja r\u00f3wnie\u017c <strong>tworzeniu pozytywnej atmosfery oraz utrzymywaniu dobrego nastroju<\/strong>.<\/p>\n<p>Dla kogo krzemie\u0144 pasiasty sprawdzi si\u0119 najlepiej? Zdecydowanie <strong>dla entuzjast\u00f3w i kolekcjoner\u00f3w kamieni naturalnych.<\/strong> Surowiec ten jest cennym dodatkiem do kolekcji, g\u0142\u00f3wnie ze wzgl\u0119du na jego unikalne wzory i wizualne pi\u0119kno. R\u00f3\u017cnorodno\u015b\u0107 kolor\u00f3w i ich u\u0142o\u017cenia czyni ka\u017cdy egzemplarz wyj\u0105tkowym. A je\u015bli lubujesz si\u0119 w kamieniach koniecznie sprawd\u017a <a href=\"https:\/\/www.pakamera.pl\/magazyn\/malachit-wlasciwosci-i-znaczenie\/\" target=\"_blank\" rel=\"noopener\">jakie znaczenie ma malachit<\/a> oraz <a href=\"https:\/\/www.pakamera.pl\/magazyn\/jakie-wlasciwosci-ma-kamien-tygrysie-oko\/\" target=\"_blank\" rel=\"noopener\">w\u0142a\u015bciwo\u015bci kamienia tygrysie oko<\/a>.<\/p>\n<p>W\u0142a\u015bciwo\u015bci krzemienia pasiastego czyni\u0105 go r\u00f3wnie\u017c <strong>idealnym materia\u0142em ozdobnym wykorzystywanym do r\u00f3\u017cnego rodzaju ozd\u00f3b i element\u00f3w dekoracyjnych.<\/strong> Dlatego z pewno\u015bci\u0105 doceni\u0105 go kobiety, zw\u0142aszcza mi\u0142o\u015bniczki nietypowej bi\u017cuterii.<\/p>\n<p>Z kolei rzemie\u015blnicy mog\u0105 <strong>wykorzysta\u0107 kamie\u0144 do tworzenia unikatowych dzie\u0142 sztuki, przedmiot\u00f3w dekoracyjnych czy element\u00f3w w r\u00f3\u017cnych projektach r\u0119kodzielniczych<\/strong>. Inni ceni\u0105 go za pomoc w oczyszczaniu energetycznym, redukcji stresu czy promowaniu r\u00f3wnowagi emocjonalnej.<\/p>\n<h2>Historia i pochodzenie krzemienia pasiastego<\/h2>\n<p>Krzemie\u0144 pasiasty jest <strong>znany ludzko\u015bci od prehistorii<\/strong>. By\u0142 <strong>wykorzystywany do wytwarzania narz\u0119dzi i broni<\/strong>, dzi\u0119ki wysokiej twardo\u015bci i wytrzyma\u0142o\u015bci. Stanowi zatem <strong>jeden z najstarszych surowc\u00f3w<\/strong> u\u017cywanych przez Homo Sapiens. Opr\u00f3cz typowych cech u\u017cytkowych, mia\u0142 on tak\u017ce znaczenie symboliczne. <strong>Wierzono, \u017ce posiada moc oddalania negatywnych energii oraz zapewnia \u015bwi\u0119to\u015b\u0107 i \u017cycie wieczne<\/strong>.<\/p>\n<h3>Gdzie wyst\u0119puje krzemie\u0144 pasiasty?<\/h3>\n<figure id=\"attachment_10002\" aria-describedby=\"caption-attachment-10002\" style=\"width: 1600px\" class=\"wp-caption alignnone\"><img loading=\"lazy\" decoding=\"async\" class=\"wp-image-10002 size-full\" src=\"https:\/\/imgmag.pakamera.net\/2024\/02\/dla-kogo-jest-krzemien-pasiasty-i-jaka-ma-moc-124329753450.jpg\" alt=\"srebrny pier\u015bcionek z du\u017cym krzemieniem pasiastym\" width=\"1600\" height=\"840\" \/><figcaption id=\"caption-attachment-10002\" class=\"wp-caption-text\">pier\u015bcionek z kolekcji EDGY\/KRZEMIE\u0143\/shiny \/ Daria Siwiak Design \/ www.pakamera.pl<\/figcaption><\/figure>\n<p>Krzemie\u0144 pasiasty mo\u017cna znale\u017a\u0107 w r\u00f3\u017cnych cz\u0119\u015bciach \u015bwiata. <strong>Zar\u00f3wno w Europie (Anglia, Polska, Francja), jak i Ameryce P\u00f3\u0142nocnej<\/strong> czy w regionach, w kt\u00f3rych panuj\u0105 warunki geologiczne sprzyjaj\u0105ce formowaniu si\u0119 tego typu krzemienia. Ze wzgl\u0119du na swoj\u0105 wyj\u0105tkowo\u015b\u0107 i warto\u015b\u0107 naukow\u0105, teren kopal\u0144 krzemienia traktowany jest jako jeden z najwa\u017cniejszych obiekt\u00f3w w historii naszego kontynentu.<\/p>\n<p>Krzemionkowski region prehistorycznego g\u00f3rnictwa krzemienia pasiastego 6 lipca 2019 roku zosta\u0142 wpisany na List\u0119 \u015awiatowego Dziedzictwa UNESCO.<\/p>\n<h2>Porady dotycz\u0105ce piel\u0119gnacji i noszenia krzemienia pasiastego<\/h2>\n<p>Cho\u0107 krzemie\u0144 pasiasty jest kamieniem twardym, podczas jego u\u017cytkowania lub noszenia warto <strong>zachowa\u0107 ostro\u017cno\u015b\u0107 i unika\u0107 mocnych uderze\u0144<\/strong>, kt\u00f3re mog\u0142yby skutkowa\u0107 p\u0119kni\u0119ciami lub zarysowaniami. Aby utrzyma\u0107 go w czysto\u015bci, mo\u017cna <strong>przeciera\u0107 go mi\u0119kk\u0105, wilgotn\u0105 szmatk\u0105<\/strong>. Ponadto nale\u017cy przechowywa\u0107 go osobno od bi\u017cuterii czy innych kamieni.<\/p>\n<p>Zar\u00f3wno bi\u017cuteri\u0119 z kamieniami szlachetnymi jak i specjalne szkatu\u0142ki do ich przechowywania <strong>znajdziesz w sklepie internetowym pakamera.pl<\/strong>. Zobacz kolekcje od polskich marek i daj si\u0119 zaskoczy\u0107.<\/p>\n","protected":false},"excerpt":{"rendered":"<p>Krzemie\u0144 pasiasty to rodzaj krzemienia, kt\u00f3ry charakteryzuje si\u0119 wyrazistymi, r\u00f3wnoleg\u0142ymi pasami barw, tworz\u0105cymi niepowtarzalne wzory, a ich obecno\u015b\u0107 nadaje mu unikatowego charakteru. Ze wzgl\u0119du na swoj\u0105 wyj\u0105tkowo\u015b\u0107 wizualn\u0105 i magiczne<span class=\"more-dots\">&#8230;<\/span><\/p>\n","protected":false},"author":16,"featured_media":10003,"comment_status":"closed","ping_status":"closed","sticky":false,"template":"","format":"standard","meta":{"footnotes":""},"categories":[3],"tags":[2253,2490,2367,2493,2489],"class_list":["post-10000","post","type-post","status-publish","format-standard","has-post-thumbnail","hentry","category-moda","tag-bizuteria-z-kamieniami-szlachetnymi","tag-kamienie-naturalne","tag-kamienie-szlachetne","tag-krzemien-pasiasty","tag-mineraly"],"yoast_head":"<!-- This site is optimized with the Yoast SEO plugin v21.6 - https:\/\/yoast.com\/wordpress\/plugins\/seo\/ -->\n<title>Dla kogo jest krzemie\u0144 pasiasty i jak\u0105 ma moc? - Magazyn Pakamera.pl<\/title>\n<meta name=\"description\" content=\"Zastanawiasz si\u0119 dla kogo jest krzemie\u0144 pasiasty? Zobacz nasze propozycje po\u0142\u0105cze\u0144 i wykorzystania tego kamienia.\" \/>\n<meta name=\"robots\" content=\"index, follow\" \/>\n<link rel=\"canonical\" href=\"https:\/\/www.pakamera.pl\/magazyn\/dla-kogo-jest-krzemien-pasiasty-i-jaka-ma-moc\/\" \/>\n<meta property=\"og:locale\" content=\"pl_PL\" \/>\n<meta property=\"og:type\" content=\"article\" \/>\n<meta property=\"og:title\" content=\"Dla kogo jest krzemie\u0144 pasiasty i jak\u0105 ma moc? - Magazyn Pakamera.pl\" \/>\n<meta property=\"og:description\" content=\"Zastanawiasz si\u0119 dla kogo jest krzemie\u0144 pasiasty? Zobacz nasze propozycje po\u0142\u0105cze\u0144 i wykorzystania tego kamienia.\" \/>\n<meta property=\"og:url\" content=\"https:\/\/www.pakamera.pl\/magazyn\/dla-kogo-jest-krzemien-pasiasty-i-jaka-ma-moc\/\" \/>\n<meta property=\"og:site_name\" content=\"Magazyn Pakamera.pl\" \/>\n<meta property=\"article:publisher\" content=\"https:\/\/facebook.com\/pakamerapl\" \/>\n<meta property=\"article:published_time\" content=\"2024-02-17T11:44:05+00:00\" \/>\n<meta property=\"article:modified_time\" content=\"2026-04-09T14:25:07+00:00\" \/>\n<meta property=\"og:image\" content=\"https:\/\/imgmag.pakamera.net\/2024\/02\/dla-kogo-jest-krzemien-pasiasty-i-jaka-ma-moc-124336432300.jpg\" \/>\n\t<meta property=\"og:image:width\" content=\"1600\" \/>\n\t<meta property=\"og:image:height\" content=\"840\" \/>\n\t<meta property=\"og:image:type\" content=\"image\/jpeg\" \/>\n<meta name=\"author\" content=\"Magda Strzelecka\" \/>\n<meta name=\"twitter:card\" content=\"summary_large_image\" \/>\n<meta name=\"twitter:label1\" content=\"Napisane przez\" \/>\n\t<meta name=\"twitter:data1\" content=\"Magda Strzelecka\" \/>\n\t<meta name=\"twitter:label2\" content=\"Szacowany czas czytania\" \/>\n\t<meta name=\"twitter:data2\" content=\"6 minut\" \/>\n<script type=\"application\/ld+json\" class=\"yoast-schema-graph\">{\"@context\":\"https:\/\/schema.org\",\"@graph\":[{\"@type\":\"Article\",\"@id\":\"https:\/\/www.pakamera.pl\/magazyn\/dla-kogo-jest-krzemien-pasiasty-i-jaka-ma-moc\/#article\",\"isPartOf\":{\"@id\":\"https:\/\/www.pakamera.pl\/magazyn\/dla-kogo-jest-krzemien-pasiasty-i-jaka-ma-moc\/\"},\"author\":{\"name\":\"Magda Strzelecka\",\"@id\":\"https:\/\/www.pakamera.pl\/magazyn\/#\/schema\/person\/375940ab821c5af50e1e31f1ec5282b5\"},\"headline\":\"Dla kogo jest krzemie\u0144 pasiasty i jak\u0105 ma moc?\",\"datePublished\":\"2024-02-17T11:44:05+00:00\",\"dateModified\":\"2026-04-09T14:25:07+00:00\",\"mainEntityOfPage\":{\"@id\":\"https:\/\/www.pakamera.pl\/magazyn\/dla-kogo-jest-krzemien-pasiasty-i-jaka-ma-moc\/\"},\"wordCount\":949,\"publisher\":{\"@id\":\"https:\/\/www.pakamera.pl\/magazyn\/#organization\"},\"keywords\":[\"bi\u017cuteria z kamieniami szlachetnymi\",\"kamienie naturalne\",\"kamienie szlachetne\",\"krzemie\u0144 pasiasty\",\"minera\u0142y\"],\"articleSection\":[\"Moda\"],\"inLanguage\":\"pl-PL\"},{\"@type\":\"WebPage\",\"@id\":\"https:\/\/www.pakamera.pl\/magazyn\/dla-kogo-jest-krzemien-pasiasty-i-jaka-ma-moc\/\",\"url\":\"https:\/\/www.pakamera.pl\/magazyn\/dla-kogo-jest-krzemien-pasiasty-i-jaka-ma-moc\/\",\"name\":\"Dla kogo jest krzemie\u0144 pasiasty i jak\u0105 ma moc? - Magazyn Pakamera.pl\",\"isPartOf\":{\"@id\":\"https:\/\/www.pakamera.pl\/magazyn\/#website\"},\"datePublished\":\"2024-02-17T11:44:05+00:00\",\"dateModified\":\"2026-04-09T14:25:07+00:00\",\"description\":\"Zastanawiasz si\u0119 dla kogo jest krzemie\u0144 pasiasty? Zobacz nasze propozycje po\u0142\u0105cze\u0144 i wykorzystania tego kamienia.\",\"breadcrumb\":{\"@id\":\"https:\/\/www.pakamera.pl\/magazyn\/dla-kogo-jest-krzemien-pasiasty-i-jaka-ma-moc\/#breadcrumb\"},\"inLanguage\":\"pl-PL\",\"potentialAction\":[{\"@type\":\"ReadAction\",\"target\":[\"https:\/\/www.pakamera.pl\/magazyn\/dla-kogo-jest-krzemien-pasiasty-i-jaka-ma-moc\/\"]}]},{\"@type\":\"BreadcrumbList\",\"@id\":\"https:\/\/www.pakamera.pl\/magazyn\/dla-kogo-jest-krzemien-pasiasty-i-jaka-ma-moc\/#breadcrumb\",\"itemListElement\":[{\"@type\":\"ListItem\",\"position\":1,\"name\":\"Magazyn\",\"item\":\"https:\/\/www.pakamera.pl\/magazyn\/\"},{\"@type\":\"ListItem\",\"position\":2,\"name\":\"Moda\",\"item\":\"https:\/\/www.pakamera.pl\/magazyn\/category\/moda\/\"},{\"@type\":\"ListItem\",\"position\":3,\"name\":\"Dla kogo jest krzemie\u0144 pasiasty i jak\u0105 ma moc?\"}]},{\"@type\":\"WebSite\",\"@id\":\"https:\/\/www.pakamera.pl\/magazyn\/#website\",\"url\":\"https:\/\/www.pakamera.pl\/magazyn\/\",\"name\":\"Magazyn Pakamera.pl\",\"description\":\"Sprawd\u017a najgor\u0119tsze tematy sezonu!\",\"publisher\":{\"@id\":\"https:\/\/www.pakamera.pl\/magazyn\/#organization\"},\"potentialAction\":[{\"@type\":\"SearchAction\",\"target\":{\"@type\":\"EntryPoint\",\"urlTemplate\":\"https:\/\/www.pakamera.pl\/magazyn\/?s={search_term_string}\"},\"query-input\":\"required name=search_term_string\"}],\"inLanguage\":\"pl-PL\"},{\"@type\":\"Organization\",\"@id\":\"https:\/\/www.pakamera.pl\/magazyn\/#organization\",\"name\":\"Pakamera.pl\",\"url\":\"https:\/\/www.pakamera.pl\/magazyn\/\",\"logo\":{\"@type\":\"ImageObject\",\"inLanguage\":\"pl-PL\",\"@id\":\"https:\/\/www.pakamera.pl\/magazyn\/#\/schema\/logo\/image\/\",\"url\":\"https:\/\/imgmag.pakamera.net\/2023\/11\/153455466619.png\",\"contentUrl\":\"https:\/\/imgmag.pakamera.net\/2023\/11\/153455466619.png\",\"width\":690,\"height\":140,\"caption\":\"Pakamera.pl\"},\"image\":{\"@id\":\"https:\/\/www.pakamera.pl\/magazyn\/#\/schema\/logo\/image\/\"},\"sameAs\":[\"https:\/\/facebook.com\/pakamerapl\",\"https:\/\/www.instagram.com\/pakamera\/\"]},{\"@type\":\"Person\",\"@id\":\"https:\/\/www.pakamera.pl\/magazyn\/#\/schema\/person\/375940ab821c5af50e1e31f1ec5282b5\",\"name\":\"Magda Strzelecka\",\"description\":\"Magda to nasza stylistka, kt\u00f3ra od ponad 10 lat \u015bci\u015ble zwi\u0105zana jest z mod\u0105. Uwielbia \u015bledzi\u0107 \u015bwiatowe trendy i przek\u0142ada\u0107 je na rynek polski. Kocha dobre sk\u0142ady ubra\u0144, wyj\u0105tkow\u0105 bi\u017cuteri\u0119 i dodatki kt\u00f3re o\u017cywi\u0105 ka\u017cd\u0105 stylizacj\u0119.\"}]}<\/script>\n<!-- \/ Yoast SEO plugin. -->","yoast_head_json":{"title":"Dla kogo jest krzemie\u0144 pasiasty i jak\u0105 ma moc? - Magazyn Pakamera.pl","description":"Zastanawiasz si\u0119 dla kogo jest krzemie\u0144 pasiasty? Zobacz nasze propozycje po\u0142\u0105cze\u0144 i wykorzystania tego kamienia.","robots":{"index":"index","follow":"follow"},"canonical":"https:\/\/www.pakamera.pl\/magazyn\/dla-kogo-jest-krzemien-pasiasty-i-jaka-ma-moc\/","og_locale":"pl_PL","og_type":"article","og_title":"Dla kogo jest krzemie\u0144 pasiasty i jak\u0105 ma moc? - Magazyn Pakamera.pl","og_description":"Zastanawiasz si\u0119 dla kogo jest krzemie\u0144 pasiasty? Zobacz nasze propozycje po\u0142\u0105cze\u0144 i wykorzystania tego kamienia.","og_url":"https:\/\/www.pakamera.pl\/magazyn\/dla-kogo-jest-krzemien-pasiasty-i-jaka-ma-moc\/","og_site_name":"Magazyn Pakamera.pl","article_publisher":"https:\/\/facebook.com\/pakamerapl","article_published_time":"2024-02-17T11:44:05+00:00","article_modified_time":"2026-04-09T14:25:07+00:00","og_image":[{"width":1600,"height":840,"url":"https:\/\/imgmag.pakamera.net\/2024\/02\/dla-kogo-jest-krzemien-pasiasty-i-jaka-ma-moc-124336432300.jpg","type":"image\/jpeg"}],"author":"Magda Strzelecka","twitter_card":"summary_large_image","twitter_misc":{"Napisane przez":"Magda Strzelecka","Szacowany czas czytania":"6 minut"},"schema":{"@context":"https:\/\/schema.org","@graph":[{"@type":"Article","@id":"https:\/\/www.pakamera.pl\/magazyn\/dla-kogo-jest-krzemien-pasiasty-i-jaka-ma-moc\/#article","isPartOf":{"@id":"https:\/\/www.pakamera.pl\/magazyn\/dla-kogo-jest-krzemien-pasiasty-i-jaka-ma-moc\/"},"author":{"name":"Magda Strzelecka","@id":"https:\/\/www.pakamera.pl\/magazyn\/#\/schema\/person\/375940ab821c5af50e1e31f1ec5282b5"},"headline":"Dla kogo jest krzemie\u0144 pasiasty i jak\u0105 ma moc?","datePublished":"2024-02-17T11:44:05+00:00","dateModified":"2026-04-09T14:25:07+00:00","mainEntityOfPage":{"@id":"https:\/\/www.pakamera.pl\/magazyn\/dla-kogo-jest-krzemien-pasiasty-i-jaka-ma-moc\/"},"wordCount":949,"publisher":{"@id":"https:\/\/www.pakamera.pl\/magazyn\/#organization"},"keywords":["bi\u017cuteria z kamieniami szlachetnymi","kamienie naturalne","kamienie szlachetne","krzemie\u0144 pasiasty","minera\u0142y"],"articleSection":["Moda"],"inLanguage":"pl-PL"},{"@type":"WebPage","@id":"https:\/\/www.pakamera.pl\/magazyn\/dla-kogo-jest-krzemien-pasiasty-i-jaka-ma-moc\/","url":"https:\/\/www.pakamera.pl\/magazyn\/dla-kogo-jest-krzemien-pasiasty-i-jaka-ma-moc\/","name":"Dla kogo jest krzemie\u0144 pasiasty i jak\u0105 ma moc? - Magazyn Pakamera.pl","isPartOf":{"@id":"https:\/\/www.pakamera.pl\/magazyn\/#website"},"datePublished":"2024-02-17T11:44:05+00:00","dateModified":"2026-04-09T14:25:07+00:00","description":"Zastanawiasz si\u0119 dla kogo jest krzemie\u0144 pasiasty? Zobacz nasze propozycje po\u0142\u0105cze\u0144 i wykorzystania tego kamienia.","breadcrumb":{"@id":"https:\/\/www.pakamera.pl\/magazyn\/dla-kogo-jest-krzemien-pasiasty-i-jaka-ma-moc\/#breadcrumb"},"inLanguage":"pl-PL","potentialAction":[{"@type":"ReadAction","target":["https:\/\/www.pakamera.pl\/magazyn\/dla-kogo-jest-krzemien-pasiasty-i-jaka-ma-moc\/"]}]},{"@type":"BreadcrumbList","@id":"https:\/\/www.pakamera.pl\/magazyn\/dla-kogo-jest-krzemien-pasiasty-i-jaka-ma-moc\/#breadcrumb","itemListElement":[{"@type":"ListItem","position":1,"name":"Magazyn","item":"https:\/\/www.pakamera.pl\/magazyn\/"},{"@type":"ListItem","position":2,"name":"Moda","item":"https:\/\/www.pakamera.pl\/magazyn\/category\/moda\/"},{"@type":"ListItem","position":3,"name":"Dla kogo jest krzemie\u0144 pasiasty i jak\u0105 ma moc?"}]},{"@type":"WebSite","@id":"https:\/\/www.pakamera.pl\/magazyn\/#website","url":"https:\/\/www.pakamera.pl\/magazyn\/","name":"Magazyn Pakamera.pl","description":"Sprawd\u017a najgor\u0119tsze tematy sezonu!","publisher":{"@id":"https:\/\/www.pakamera.pl\/magazyn\/#organization"},"potentialAction":[{"@type":"SearchAction","target":{"@type":"EntryPoint","urlTemplate":"https:\/\/www.pakamera.pl\/magazyn\/?s={search_term_string}"},"query-input":"required name=search_term_string"}],"inLanguage":"pl-PL"},{"@type":"Organization","@id":"https:\/\/www.pakamera.pl\/magazyn\/#organization","name":"Pakamera.pl","url":"https:\/\/www.pakamera.pl\/magazyn\/","logo":{"@type":"ImageObject","inLanguage":"pl-PL","@id":"https:\/\/www.pakamera.pl\/magazyn\/#\/schema\/logo\/image\/","url":"https:\/\/imgmag.pakamera.net\/2023\/11\/153455466619.png","contentUrl":"https:\/\/imgmag.pakamera.net\/2023\/11\/153455466619.png","width":690,"height":140,"caption":"Pakamera.pl"},"image":{"@id":"https:\/\/www.pakamera.pl\/magazyn\/#\/schema\/logo\/image\/"},"sameAs":["https:\/\/facebook.com\/pakamerapl","https:\/\/www.instagram.com\/pakamera\/"]},{"@type":"Person","@id":"https:\/\/www.pakamera.pl\/magazyn\/#\/schema\/person\/375940ab821c5af50e1e31f1ec5282b5","name":"Magda Strzelecka","description":"Magda to nasza stylistka, kt\u00f3ra od ponad 10 lat \u015bci\u015ble zwi\u0105zana jest z mod\u0105. Uwielbia \u015bledzi\u0107 \u015bwiatowe trendy i przek\u0142ada\u0107 je na rynek polski. Kocha dobre sk\u0142ady ubra\u0144, wyj\u0105tkow\u0105 bi\u017cuteri\u0119 i dodatki kt\u00f3re o\u017cywi\u0105 ka\u017cd\u0105 stylizacj\u0119."}]}},"_links":{"self":[{"href":"https:\/\/www.pakamera.pl\/magazyn\/wp-json\/wp\/v2\/posts\/10000","targetHints":{"allow":["GET"]}}],"collection":[{"href":"https:\/\/www.pakamera.pl\/magazyn\/wp-json\/wp\/v2\/posts"}],"about":[{"href":"https:\/\/www.pakamera.pl\/magazyn\/wp-json\/wp\/v2\/types\/post"}],"author":[{"embeddable":true,"href":"https:\/\/www.pakamera.pl\/magazyn\/wp-json\/wp\/v2\/users\/16"}],"replies":[{"embeddable":true,"href":"https:\/\/www.pakamera.pl\/magazyn\/wp-json\/wp\/v2\/comments?post=10000"}],"version-history":[{"count":3,"href":"https:\/\/www.pakamera.pl\/magazyn\/wp-json\/wp\/v2\/posts\/10000\/revisions"}],"predecessor-version":[{"id":14745,"href":"https:\/\/www.pakamera.pl\/magazyn\/wp-json\/wp\/v2\/posts\/10000\/revisions\/14745"}],"wp:featuredmedia":[{"embeddable":true,"href":"https:\/\/www.pakamera.pl\/magazyn\/wp-json\/wp\/v2\/media\/10003"}],"wp:attachment":[{"href":"https:\/\/www.pakamera.pl\/magazyn\/wp-json\/wp\/v2\/media?parent=10000"}],"wp:term":[{"taxonomy":"category","embeddable":true,"href":"https:\/\/www.pakamera.pl\/magazyn\/wp-json\/wp\/v2\/categories?post=10000"},{"taxonomy":"post_tag","embeddable":true,"href":"https:\/\/www.pakamera.pl\/magazyn\/wp-json\/wp\/v2\/tags?post=10000"}],"curies":[{"name":"wp","href":"https:\/\/api.w.org\/{rel}","templated":true}]}}